{"id":3985,"date":"2015-07-27T12:32:12","date_gmt":"2015-07-27T14:32:12","guid":{"rendered":"http:\/\/www.ifbaiano.edu.br\/unidades\/lapa\/?p=3985"},"modified":"2015-07-28T09:08:31","modified_gmt":"2015-07-28T11:08:31","slug":"campus-bom-jesus-da-lapa-e-embrapa-realizam-curso-de-propagacao-e-plantio-de-fruteiras","status":"publish","type":"post","link":"https:\/\/www.ifbaiano.edu.br\/unidades\/lapa\/2015\/07\/27\/campus-bom-jesus-da-lapa-e-embrapa-realizam-curso-de-propagacao-e-plantio-de-fruteiras\/","title":{"rendered":"Campus Bom Jesus da Lapa e Embrapa realizam Curso de Propaga\u00e7\u00e3o e Plantio de Fruteiras"},"content":{"rendered":"<p align=\"justify\"><span style=\"font-family: 'Times New Roman', serif\"><span>O evento teve como objetivo capacitar estudantes e produtores em propaga\u00e7\u00e3o de fruteiras para a forma\u00e7\u00e3o de agentes propagadores de mudas sadias, em especial a cultura do Umbuzeiro.<\/span><\/span><\/p>\n<p align=\"justify\"><span style=\"font-family: 'Times New Roman', serif\"><span>\u00a0<!--more--><\/span><\/span><\/p>\n<p align=\"justify\"><span style=\"font-family: 'Times New Roman', serif\"><span>As atividades ocorreram nos dias 21 e 22 de julho de 2015, intercalando teoria e pr\u00e1tica. Durante o turno matutino de cada dia, discutiram-se os aspectos te\u00f3ricos relacionados \u00e0 propaga\u00e7\u00e3o de fruteiras como abacaxi, acerola, banana, citros, mam\u00e3o, manga e maracuj\u00e1. Nos turnos vespertinos, realizou-se a demonstra\u00e7\u00e3o de plantio de mudas de fruteiras e tamb\u00e9m a implanta\u00e7\u00e3o de uma Unidade Demonstrativa de Umbu.<\/span><\/span><\/p>\n<p align=\"justify\"><span style=\"font-family: 'Times New Roman', serif\"><span>Participaram como formadores: Os T\u00e9cnicos da Embrapa: Nelson Fonseca, Paulo Mor\u00e3es e Josman Vieira. Os trabalhos foram coordenados pelo prof. Marcos Ant\u00f4nio Alves (EMBRAPA) e por comiss\u00e3o formada por servidores do Campus.<\/span><\/span><\/p>\n<p align=\"justify\"><span style=\"font-family: 'Times New Roman', serif\"><span>Dentre o p\u00fablico presente, estiveram produtores rurais ligados a Assentamentos Rurais (Associa\u00e7\u00e3o de Mulheres da Comunidade de Barra da Ipuera, Associa\u00e7\u00e3o de Mulheres de Riacho de Santana, Cooperativa de Produtores de Serra do Ramalho), Secretaria de Agricultura de Serra do Ramalho, Estudantes do Curso T\u00e9cnico em Meio Ambiente da Escola Fam\u00edlia Agr\u00edcola de Riacho de Santana), estudantes do Curso T\u00e9cnico em Agricultura do Campus Bom Jesus da Lapa, servidores e comunidade em geral.<\/span><\/span><\/p>\n<p align=\"justify\"><span style=\"font-family: 'Times New Roman', serif\"><span>Confiram algumas fotos!<\/span><\/span><\/p>\n\n\t\t<style type=\"text\/css\">\n\t\t\t#gallery-1 {\n\t\t\t\tmargin: auto;\n\t\t\t}\n\t\t\t#gallery-1 .gallery-item {\n\t\t\t\tfloat: left;\n\t\t\t\tmargin-top: 10px;\n\t\t\t\ttext-align: center;\n\t\t\t\twidth: 25%;\n\t\t\t}\n\t\t\t#gallery-1 img {\n\t\t\t\tborder: 2px solid #cfcfcf;\n\t\t\t}\n\t\t\t#gallery-1 .gallery-caption {\n\t\t\t\tmargin-left: 0;\n\t\t\t}\n\t\t\t\/* see gallery_shortcode() in wp-includes\/media.php *\/\n\t\t<\/style>\n\t\t<div id='gallery-1' class='gallery galleryid-3985 gallery-columns-4 gallery-size-thumbnail'><dl class='gallery-item'>\n\t\t\t<dt class='gallery-icon landscape'>\n\t\t\t\t<a href='https:\/\/www.ifbaiano.edu.br\/unidades\/lapa\/files\/2015\/07\/20150721_140917_2464x1478.jpg'><img width=\"150\" height=\"150\" src=\"https:\/\/www.ifbaiano.edu.br\/unidades\/lapa\/files\/2015\/07\/20150721_140917_2464x1478-150x150.jpg\" class=\"attachment-thumbnail size-thumbnail\" alt=\"\" decoding=\"async\" loading=\"lazy\" \/><\/a>\n\t\t\t<\/dt><\/dl><dl class='gallery-item'>\n\t\t\t<dt class='gallery-icon landscape'>\n\t\t\t\t<a href='https:\/\/www.ifbaiano.edu.br\/unidades\/lapa\/files\/2015\/07\/20150721_141039_2464x1478.jpg'><img width=\"150\" height=\"150\" src=\"https:\/\/www.ifbaiano.edu.br\/unidades\/lapa\/files\/2015\/07\/20150721_141039_2464x1478-150x150.jpg\" class=\"attachment-thumbnail size-thumbnail\" alt=\"\" decoding=\"async\" loading=\"lazy\" \/><\/a>\n\t\t\t<\/dt><\/dl><dl class='gallery-item'>\n\t\t\t<dt class='gallery-icon landscape'>\n\t\t\t\t<a href='https:\/\/www.ifbaiano.edu.br\/unidades\/lapa\/files\/2015\/07\/20150721_142713_2464x1478.jpg'><img width=\"150\" height=\"150\" src=\"https:\/\/www.ifbaiano.edu.br\/unidades\/lapa\/files\/2015\/07\/20150721_142713_2464x1478-150x150.jpg\" class=\"attachment-thumbnail size-thumbnail\" alt=\"\" decoding=\"async\" loading=\"lazy\" \/><\/a>\n\t\t\t<\/dt><\/dl><dl class='gallery-item'>\n\t\t\t<dt class='gallery-icon landscape'>\n\t\t\t\t<a href='https:\/\/www.ifbaiano.edu.br\/unidades\/lapa\/files\/2015\/07\/20150721_142721_2464x1478.jpg'><img width=\"150\" height=\"150\" src=\"https:\/\/www.ifbaiano.edu.br\/unidades\/lapa\/files\/2015\/07\/20150721_142721_2464x1478-150x150.jpg\" class=\"attachment-thumbnail size-thumbnail\" alt=\"\" decoding=\"async\" loading=\"lazy\" \/><\/a>\n\t\t\t<\/dt><\/dl><br style=\"clear: both\" \/><dl class='gallery-item'>\n\t\t\t<dt class='gallery-icon landscape'>\n\t\t\t\t<a href='https:\/\/www.ifbaiano.edu.br\/unidades\/lapa\/files\/2015\/07\/20150721_143337_2464x1478.jpg'><img width=\"150\" height=\"150\" src=\"https:\/\/www.ifbaiano.edu.br\/unidades\/lapa\/files\/2015\/07\/20150721_143337_2464x1478-150x150.jpg\" class=\"attachment-thumbnail size-thumbnail\" alt=\"\" decoding=\"async\" loading=\"lazy\" \/><\/a>\n\t\t\t<\/dt><\/dl>\n\t\t\t<br style='clear: both' \/>\n\t\t<\/div>\n\n","protected":false},"excerpt":{"rendered":"<p>O evento teve como objetivo capacitar estudantes e produtores em propaga\u00e7\u00e3o de fruteiras para a forma\u00e7\u00e3o de agentes propagadores de mudas sadias, em especial a cultura do Umbuzeiro. \u00a0<\/p>\n","protected":false},"author":36,"featured_media":0,"comment_status":"open","ping_status":"open","sticky":false,"template":"","format":"standard","meta":[],"categories":[1],"tags":[],"_links":{"self":[{"href":"https:\/\/www.ifbaiano.edu.br\/unidades\/lapa\/wp-json\/wp\/v2\/posts\/3985"}],"collection":[{"href":"https:\/\/www.ifbaiano.edu.br\/unidades\/lapa\/wp-json\/wp\/v2\/posts"}],"about":[{"href":"https:\/\/www.ifbaiano.edu.br\/unidades\/lapa\/wp-json\/wp\/v2\/types\/post"}],"author":[{"embeddable":true,"href":"https:\/\/www.ifbaiano.edu.br\/unidades\/lapa\/wp-json\/wp\/v2\/users\/36"}],"replies":[{"embeddable":true,"href":"https:\/\/www.ifbaiano.edu.br\/unidades\/lapa\/wp-json\/wp\/v2\/comments?post=3985"}],"version-history":[{"count":3,"href":"https:\/\/www.ifbaiano.edu.br\/unidades\/lapa\/wp-json\/wp\/v2\/posts\/3985\/revisions"}],"predecessor-version":[{"id":4001,"href":"https:\/\/www.ifbaiano.edu.br\/unidades\/lapa\/wp-json\/wp\/v2\/posts\/3985\/revisions\/4001"}],"wp:attachment":[{"href":"https:\/\/www.ifbaiano.edu.br\/unidades\/lapa\/wp-json\/wp\/v2\/media?parent=3985"}],"wp:term":[{"taxonomy":"category","embeddable":true,"href":"https:\/\/www.ifbaiano.edu.br\/unidades\/lapa\/wp-json\/wp\/v2\/categories?post=3985"},{"taxonomy":"post_tag","embeddable":true,"href":"https:\/\/www.ifbaiano.edu.br\/unidades\/lapa\/wp-json\/wp\/v2\/tags?post=3985"}],"curies":[{"name":"wp","href":"https:\/\/api.w.org\/{rel}","templated":true}]}}