{"id":4098,"date":"2015-07-30T14:32:01","date_gmt":"2015-07-30T16:32:01","guid":{"rendered":"http:\/\/www.ifbaiano.edu.br\/unidades\/lapa\/?p=4098"},"modified":"2015-07-30T15:04:40","modified_gmt":"2015-07-30T17:04:40","slug":"coro-baiano-encanto-participa-do-39-festival-de-musica-popular-de-ibotirama","status":"publish","type":"post","link":"https:\/\/www.ifbaiano.edu.br\/unidades\/lapa\/2015\/07\/30\/coro-baiano-encanto-participa-do-39-festival-de-musica-popular-de-ibotirama\/","title":{"rendered":"Coro Baiano Encanto participa do 39\u00ba Festival de M\u00fasica Popular de Ibotirama"},"content":{"rendered":"<p>O Coro Baiano Encanto do IF Baiano campus Bom Jesus da Lapa apresentou-se dia 26\/07 no 39\u00ba Festival de M\u00fasica Popular de Ibotirama.<br \/>\n<!--more--><br \/>\nO 39\u00ba Festival de M\u00fasica Popular de Ibotirama \u00e9 um importante evento regional que acontece desde 1976 sem interrup\u00e7\u00f5es em suas edi\u00e7\u00f5es anuais. Convidado pela secretaria de Cultura do Munic\u00edpio de Ibotirama como participa\u00e7\u00e3o especial, o Baiano Encanto apresentou um repert\u00f3rio de MPB com m\u00fasicas de Dorival Caymmi, Danilo Caymmi, Roberto Carlos\/Erasmo Carlos, Chico Buarque e Dominguinhos sob a reg\u00eancia do professor Vasni Filho.<\/p>\n<table border=\"0\" align=\"center\">\n<tr>\n<td><a href=\"http:\/\/www.ifbaiano.edu.br\/unidades\/lapa\/files\/2015\/07\/DSCF4802.jpg\" target=\"_blank\"><br \/>\n<img decoding=\"async\" loading=\"lazy\" src=\"http:\/\/www.ifbaiano.edu.br\/unidades\/lapa\/files\/2015\/07\/DSCF4802_ico.jpg\" alt=\"Partiu Festival!!!!!\" width=\"273px\" height=\"205px\" \/><\/img><\/a><\/td>\n<td><\/a><\/p>\n<td><a href=\"http:\/\/www.ifbaiano.edu.br\/unidades\/lapa\/files\/2015\/07\/DSCF4804.jpg\" target=\"_blank\"><br \/>\n<img decoding=\"async\" loading=\"lazy\" src=\"http:\/\/www.ifbaiano.edu.br\/unidades\/lapa\/files\/2015\/07\/DSCF4804_ico.jpg\" alt=\"Partiu Festival!!!!!\" width=\"273px\" height=\"205px\" \/><\/img><\/a><\/td>\n<\/tr>\n<\/table>\n<table border=\"0\" align=\"center\">\n<tr>\n<td><\/a><\/p>\n<td align=\"center\"><a href=\"http:\/\/www.ifbaiano.edu.br\/unidades\/lapa\/files\/2015\/07\/DSCF4816.jpg\" target=\"_blank\"><img decoding=\"async\" loading=\"lazy\" src=\"http:\/\/www.ifbaiano.edu.br\/unidades\/lapa\/files\/2015\/07\/DSCF4816_ico.jpg\" alt=\"Partiu Festival!!!!!\" width=\"273px\" height=\"205px\" \/><\/img><\/a><\/td>\n<td><\/a><\/p>\n<td align=\"center\"><a href=\"http:\/\/www.ifbaiano.edu.br\/unidades\/lapa\/files\/2015\/07\/DSCF4818.jpg\" target=\"_blank\"><img decoding=\"async\" loading=\"lazy\" src=\"http:\/\/www.ifbaiano.edu.br\/unidades\/lapa\/files\/2015\/07\/DSCF4818_ico.jpg\" alt=\"Partiu Festival!!!!!\" width=\"273px\" height=\"205px\" \/><\/img><\/a><\/td>\n<\/tr>\n<\/table>\n<p><\/br><\/p>\n","protected":false},"excerpt":{"rendered":"<p>O Coro Baiano Encanto do IF Baiano campus Bom Jesus da Lapa apresentou-se dia 26\/07 no 39\u00ba Festival de M\u00fasica Popular de Ibotirama.<\/p>\n","protected":false},"author":65,"featured_media":0,"comment_status":"open","ping_status":"open","sticky":false,"template":"","format":"standard","meta":[],"categories":[1],"tags":[],"_links":{"self":[{"href":"https:\/\/www.ifbaiano.edu.br\/unidades\/lapa\/wp-json\/wp\/v2\/posts\/4098"}],"collection":[{"href":"https:\/\/www.ifbaiano.edu.br\/unidades\/lapa\/wp-json\/wp\/v2\/posts"}],"about":[{"href":"https:\/\/www.ifbaiano.edu.br\/unidades\/lapa\/wp-json\/wp\/v2\/types\/post"}],"author":[{"embeddable":true,"href":"https:\/\/www.ifbaiano.edu.br\/unidades\/lapa\/wp-json\/wp\/v2\/users\/65"}],"replies":[{"embeddable":true,"href":"https:\/\/www.ifbaiano.edu.br\/unidades\/lapa\/wp-json\/wp\/v2\/comments?post=4098"}],"version-history":[{"count":47,"href":"https:\/\/www.ifbaiano.edu.br\/unidades\/lapa\/wp-json\/wp\/v2\/posts\/4098\/revisions"}],"predecessor-version":[{"id":4146,"href":"https:\/\/www.ifbaiano.edu.br\/unidades\/lapa\/wp-json\/wp\/v2\/posts\/4098\/revisions\/4146"}],"wp:attachment":[{"href":"https:\/\/www.ifbaiano.edu.br\/unidades\/lapa\/wp-json\/wp\/v2\/media?parent=4098"}],"wp:term":[{"taxonomy":"category","embeddable":true,"href":"https:\/\/www.ifbaiano.edu.br\/unidades\/lapa\/wp-json\/wp\/v2\/categories?post=4098"},{"taxonomy":"post_tag","embeddable":true,"href":"https:\/\/www.ifbaiano.edu.br\/unidades\/lapa\/wp-json\/wp\/v2\/tags?post=4098"}],"curies":[{"name":"wp","href":"https:\/\/api.w.org\/{rel}","templated":true}]}}