{"id":4154,"date":"2015-07-30T18:41:26","date_gmt":"2015-07-30T20:41:26","guid":{"rendered":"http:\/\/www.ifbaiano.edu.br\/unidades\/lapa\/?p=4154"},"modified":"2015-07-30T18:57:34","modified_gmt":"2015-07-30T20:57:34","slug":"segunda-chamada-de-matriculas-curso-tecnico-em-informatica","status":"publish","type":"post","link":"https:\/\/www.ifbaiano.edu.br\/unidades\/lapa\/2015\/07\/30\/segunda-chamada-de-matriculas-curso-tecnico-em-informatica\/","title":{"rendered":"Segunda Chamada de Matr\u00edculas \u2013 Curso T\u00e9cnico em Inform\u00e1tica"},"content":{"rendered":"<p>Comunicamos que foi publicada a segunda chamada de matr\u00edculas para o Curso T\u00e9cnico em Inform\u00e1tica Subsequente, semestre 2015.2.<\/p>\n<p><!--more--><a href=\"http:\/\/www.ifbaiano.edu.br\/unidades\/lapa\/files\/2015\/07\/2CHAMADADEMATRICULAS20152.pdf\" title=\"Segunda Chamada Info\" target=\"_blank\">ACESSEM AQUI A RELA\u00c7\u00c3O DE CONVOCADOS E OS DOCUMENTOS DE MATR\u00cdCULA<\/a><\/p>\n<p><strong>DA DATA DE MATR\u00cdCULAS:<\/strong><\/p>\n<p><em>31 de julho a 03 de agosto de 2015.<\/em><\/p>\n<p><strong>DA DOCUMENTA\u00c7\u00c3O NECESS\u00c1RIA:<\/strong><\/p>\n<p>No ato da matr\u00edcula, o candidato dever\u00e1 apresentar original e c\u00f3pia dos seguintes documentos:<\/p>\n<p>a) Hist\u00f3rico Escolar do Ensino M\u00e9dio e\/ou Atestado de Conclus\u00e3o (provisoriamente), emitido por Institui\u00e7\u00e3o Oficial de Ensino;<\/p>\n<p>b) Carteira de Identidade \u2013 RG e Cadastro de Pessoa F\u00edsica \u2013 CPF;<\/p>\n<p>c) Certid\u00e3o de Nascimento ou Casamento;<\/p>\n<p>d) T\u00edtulo de Eleitor e Certid\u00e3o de Quita\u00e7\u00e3o Eleitoral, para maiores de 18 anos (solicitar no cart\u00f3rio eleitoral ou no site: <a href=\"http:\/\/www.tre-ba.jus.br\/\" target=\"_blank\">http:\/\/www.tre-ba.jus.br\/<\/a>);<\/p>\n<p>e) Documento comprobat\u00f3rio de regularidade com o Servi\u00e7o Militar, para os alunos a partir dos 18 (dezoito) anos do sexo masculino;<\/p>\n<p>f) Procura\u00e7\u00e3o com firma reconhecida, quando a matr\u00edcula for efetuada por terceiros;<\/p>\n<p>g) Comprovante de Resid\u00eancia;<\/p>\n<p>h) 06 (seis) fotos 3\u00d74 iguais e recentes;<\/p>\n<p>i) CPF e RG dos respons\u00e1veis pelos menores de 18 (dezoito anos);<\/p>\n<p>j) Certifica\u00e7\u00e3o de Conclus\u00e3o do Ensino M\u00e9dio com base nas notas do Exame Nacional do Ensino M\u00e9dio \u2013 ENEM, se for o caso.<\/p>\n<p><strong>Fonte:<\/strong> Diretoria Acad\u00eamica<\/p>\n","protected":false},"excerpt":{"rendered":"<p>Comunicamos que foi publicada a segunda chamada de matr\u00edculas para o Curso T\u00e9cnico em Inform\u00e1tica Subsequente, semestre 2015.2.<\/p>\n","protected":false},"author":65,"featured_media":0,"comment_status":"closed","ping_status":"closed","sticky":false,"template":"","format":"standard","meta":[],"categories":[24],"tags":[],"_links":{"self":[{"href":"https:\/\/www.ifbaiano.edu.br\/unidades\/lapa\/wp-json\/wp\/v2\/posts\/4154"}],"collection":[{"href":"https:\/\/www.ifbaiano.edu.br\/unidades\/lapa\/wp-json\/wp\/v2\/posts"}],"about":[{"href":"https:\/\/www.ifbaiano.edu.br\/unidades\/lapa\/wp-json\/wp\/v2\/types\/post"}],"author":[{"embeddable":true,"href":"https:\/\/www.ifbaiano.edu.br\/unidades\/lapa\/wp-json\/wp\/v2\/users\/65"}],"replies":[{"embeddable":true,"href":"https:\/\/www.ifbaiano.edu.br\/unidades\/lapa\/wp-json\/wp\/v2\/comments?post=4154"}],"version-history":[{"count":9,"href":"https:\/\/www.ifbaiano.edu.br\/unidades\/lapa\/wp-json\/wp\/v2\/posts\/4154\/revisions"}],"predecessor-version":[{"id":4164,"href":"https:\/\/www.ifbaiano.edu.br\/unidades\/lapa\/wp-json\/wp\/v2\/posts\/4154\/revisions\/4164"}],"wp:attachment":[{"href":"https:\/\/www.ifbaiano.edu.br\/unidades\/lapa\/wp-json\/wp\/v2\/media?parent=4154"}],"wp:term":[{"taxonomy":"category","embeddable":true,"href":"https:\/\/www.ifbaiano.edu.br\/unidades\/lapa\/wp-json\/wp\/v2\/categories?post=4154"},{"taxonomy":"post_tag","embeddable":true,"href":"https:\/\/www.ifbaiano.edu.br\/unidades\/lapa\/wp-json\/wp\/v2\/tags?post=4154"}],"curies":[{"name":"wp","href":"https:\/\/api.w.org\/{rel}","templated":true}]}}