{"id":4165,"date":"2015-08-09T14:57:56","date_gmt":"2015-08-09T16:57:56","guid":{"rendered":"http:\/\/www.ifbaiano.edu.br\/unidades\/lapa\/?p=4165"},"modified":"2015-08-09T14:57:56","modified_gmt":"2015-08-09T16:57:56","slug":"reuniao-com-os-estudantes-matriculados-no-curso-de-engenharia-agronomica","status":"publish","type":"post","link":"https:\/\/www.ifbaiano.edu.br\/unidades\/lapa\/2015\/08\/09\/reuniao-com-os-estudantes-matriculados-no-curso-de-engenharia-agronomica\/","title":{"rendered":"Reuni\u00e3o com os estudantes matriculados no Curso de Engenharia Agron\u00f4mica"},"content":{"rendered":"<p>Prezados Estudantes matriculados no Curso de Engenharia Agron\u00f4mica,<\/p>\n<p>&nbsp;<\/p>\n<p>A Dire\u00e7\u00e3o Acad\u00eamica convida Vossas Senhorias para uma reuni\u00e3o no Audit\u00f3rio do Campus, no dia 10 de agosto (14:00) para discutir como ficar\u00e1 o in\u00edcio das atividades do Curso, tendo em vista a greve dos servidores federais. A presen\u00e7a de todos \u00e9 muito importante!<\/p>\n<p>&nbsp;<\/p>\n<p>Diretoria Acad\u00eamica<\/p>\n","protected":false},"excerpt":{"rendered":"<p>Prezados Estudantes matriculados no Curso de Engenharia Agron\u00f4mica, &nbsp; A Dire\u00e7\u00e3o Acad\u00eamica convida Vossas Senhorias para uma reuni\u00e3o no Audit\u00f3rio do Campus, no dia 10 de agosto (14:00) para discutir como ficar\u00e1 o in\u00edcio das atividades do Curso, tendo em vista a greve dos servidores federais. A presen\u00e7a de todos \u00e9 muito importante! &nbsp; Diretoria [&hellip;]<\/p>\n","protected":false},"author":36,"featured_media":0,"comment_status":"open","ping_status":"open","sticky":false,"template":"","format":"standard","meta":[],"categories":[39],"tags":[],"_links":{"self":[{"href":"https:\/\/www.ifbaiano.edu.br\/unidades\/lapa\/wp-json\/wp\/v2\/posts\/4165"}],"collection":[{"href":"https:\/\/www.ifbaiano.edu.br\/unidades\/lapa\/wp-json\/wp\/v2\/posts"}],"about":[{"href":"https:\/\/www.ifbaiano.edu.br\/unidades\/lapa\/wp-json\/wp\/v2\/types\/post"}],"author":[{"embeddable":true,"href":"https:\/\/www.ifbaiano.edu.br\/unidades\/lapa\/wp-json\/wp\/v2\/users\/36"}],"replies":[{"embeddable":true,"href":"https:\/\/www.ifbaiano.edu.br\/unidades\/lapa\/wp-json\/wp\/v2\/comments?post=4165"}],"version-history":[{"count":2,"href":"https:\/\/www.ifbaiano.edu.br\/unidades\/lapa\/wp-json\/wp\/v2\/posts\/4165\/revisions"}],"predecessor-version":[{"id":4167,"href":"https:\/\/www.ifbaiano.edu.br\/unidades\/lapa\/wp-json\/wp\/v2\/posts\/4165\/revisions\/4167"}],"wp:attachment":[{"href":"https:\/\/www.ifbaiano.edu.br\/unidades\/lapa\/wp-json\/wp\/v2\/media?parent=4165"}],"wp:term":[{"taxonomy":"category","embeddable":true,"href":"https:\/\/www.ifbaiano.edu.br\/unidades\/lapa\/wp-json\/wp\/v2\/categories?post=4165"},{"taxonomy":"post_tag","embeddable":true,"href":"https:\/\/www.ifbaiano.edu.br\/unidades\/lapa\/wp-json\/wp\/v2\/tags?post=4165"}],"curies":[{"name":"wp","href":"https:\/\/api.w.org\/{rel}","templated":true}]}}