{"id":4168,"date":"2015-08-09T15:05:08","date_gmt":"2015-08-09T17:05:08","guid":{"rendered":"http:\/\/www.ifbaiano.edu.br\/unidades\/lapa\/?p=4168"},"modified":"2015-08-09T15:06:33","modified_gmt":"2015-08-09T17:06:33","slug":"nota-aos-estudantes-dos-curso-tecnico-em-informatica-e-tecnico-em-agricultura","status":"publish","type":"post","link":"https:\/\/www.ifbaiano.edu.br\/unidades\/lapa\/2015\/08\/09\/nota-aos-estudantes-dos-curso-tecnico-em-informatica-e-tecnico-em-agricultura\/","title":{"rendered":"Nota aos estudantes dos Cursos T\u00e9cnico em Inform\u00e1tica e T\u00e9cnico em Agricultura"},"content":{"rendered":"<p>Prezados estudantes matriculados nos cursos T\u00e9cnico em Agricultura e T\u00e9cnico em Inform\u00e1tica,<\/p>\n<p><!--more--><\/p>\n<p>Em virtude da ades\u00e3o do Campus \u00e0 greve dos servidores da Rede Federal de Educa\u00e7\u00e3o, vimos comunicar que fica suspenso o in\u00edcio das aulas do segundo semestre, previsto para o dia 10 de agosto de 2015.<\/p>\n<p>Assim que a greve for encerrada, divulgaremos neste site e em nossa rede social, a nova data de in\u00edcio das aulas. Fiquem atentos!<\/p>\n<p>O IF Baiano agradece a compreens\u00e3o de todos!<\/p>\n<p>&nbsp;<\/p>\n<p>Diretoria Acad\u00eamica<\/p>\n<p>&nbsp;<\/p>\n","protected":false},"excerpt":{"rendered":"<p>Prezados estudantes matriculados nos cursos T\u00e9cnico em Agricultura e T\u00e9cnico em Inform\u00e1tica,<\/p>\n","protected":false},"author":36,"featured_media":0,"comment_status":"open","ping_status":"open","sticky":false,"template":"","format":"standard","meta":[],"categories":[39],"tags":[],"_links":{"self":[{"href":"https:\/\/www.ifbaiano.edu.br\/unidades\/lapa\/wp-json\/wp\/v2\/posts\/4168"}],"collection":[{"href":"https:\/\/www.ifbaiano.edu.br\/unidades\/lapa\/wp-json\/wp\/v2\/posts"}],"about":[{"href":"https:\/\/www.ifbaiano.edu.br\/unidades\/lapa\/wp-json\/wp\/v2\/types\/post"}],"author":[{"embeddable":true,"href":"https:\/\/www.ifbaiano.edu.br\/unidades\/lapa\/wp-json\/wp\/v2\/users\/36"}],"replies":[{"embeddable":true,"href":"https:\/\/www.ifbaiano.edu.br\/unidades\/lapa\/wp-json\/wp\/v2\/comments?post=4168"}],"version-history":[{"count":3,"href":"https:\/\/www.ifbaiano.edu.br\/unidades\/lapa\/wp-json\/wp\/v2\/posts\/4168\/revisions"}],"predecessor-version":[{"id":4171,"href":"https:\/\/www.ifbaiano.edu.br\/unidades\/lapa\/wp-json\/wp\/v2\/posts\/4168\/revisions\/4171"}],"wp:attachment":[{"href":"https:\/\/www.ifbaiano.edu.br\/unidades\/lapa\/wp-json\/wp\/v2\/media?parent=4168"}],"wp:term":[{"taxonomy":"category","embeddable":true,"href":"https:\/\/www.ifbaiano.edu.br\/unidades\/lapa\/wp-json\/wp\/v2\/categories?post=4168"},{"taxonomy":"post_tag","embeddable":true,"href":"https:\/\/www.ifbaiano.edu.br\/unidades\/lapa\/wp-json\/wp\/v2\/tags?post=4168"}],"curies":[{"name":"wp","href":"https:\/\/api.w.org\/{rel}","templated":true}]}}