{"id":4211,"date":"2015-10-09T11:41:07","date_gmt":"2015-10-09T13:41:07","guid":{"rendered":"http:\/\/www.ifbaiano.edu.br\/unidades\/lapa\/?p=4211"},"modified":"2015-10-09T12:13:39","modified_gmt":"2015-10-09T14:13:39","slug":"inscricoes-abertas-para-o-programa-de-pos-graduacao-gestao-e-tecnologias-aplicadas-a-educacao","status":"publish","type":"post","link":"https:\/\/www.ifbaiano.edu.br\/unidades\/lapa\/2015\/10\/09\/inscricoes-abertas-para-o-programa-de-pos-graduacao-gestao-e-tecnologias-aplicadas-a-educacao\/","title":{"rendered":"Inscri\u00e7\u00f5es abertas para o Programa de P\u00f3s-Gradua\u00e7\u00e3o Gest\u00e3o e Tecnologias Aplicadas \u00e0 Educa\u00e7\u00e3o"},"content":{"rendered":"<p>O Programa de P\u00f3s-Gradua\u00e7\u00e3o Gest\u00e3o e Tecnologias Aplicadas \u00e0 Educa\u00e7\u00e3o &#8211; GESTEC abre inscri\u00e7\u00f5es para o Exame de Sele\u00e7\u00e3o para ingresso de alunos regulares, no per\u00edodo de 16 de outubro a 04 de novembro de 2015.<!--more--><\/p>\n<p>Click na imagem e acesse diretamente a p\u00e1gina de inscri\u00e7\u00e3o e demais informa\u00e7\u00f5es da GESTEC.<\/p>\n<p><a href=\"http:\/\/www.uneb.br\/gestec\/admissao-e-matricula\/aluno-regular-2016-1-inscricoes-abertas\/\" target=\"_blank\"><br \/>\n<img decoding=\"async\" src=\"http:\/\/www.ifbaiano.edu.br\/unidades\/lapa\/files\/2015\/10\/Seletivo-GESTEC-2016-1.png\"><\/img><\/a><\/p>\n<p><\/br><\/br><\/br><\/br><\/br><\/br><\/br><\/br><\/br><\/br><\/br><\/br><\/br><\/br><\/br><\/br><\/br><\/br><\/br><\/br><\/br><\/br><\/p>\n<hr>\n","protected":false},"excerpt":{"rendered":"<p>O Programa de P\u00f3s-Gradua\u00e7\u00e3o Gest\u00e3o e Tecnologias Aplicadas \u00e0 Educa\u00e7\u00e3o &#8211; GESTEC abre inscri\u00e7\u00f5es para o Exame de Sele\u00e7\u00e3o para ingresso de alunos regulares, no per\u00edodo de 16 de outubro a 04 de novembro de 2015.<\/p>\n","protected":false},"author":65,"featured_media":0,"comment_status":"open","ping_status":"open","sticky":false,"template":"","format":"standard","meta":[],"categories":[24],"tags":[],"_links":{"self":[{"href":"https:\/\/www.ifbaiano.edu.br\/unidades\/lapa\/wp-json\/wp\/v2\/posts\/4211"}],"collection":[{"href":"https:\/\/www.ifbaiano.edu.br\/unidades\/lapa\/wp-json\/wp\/v2\/posts"}],"about":[{"href":"https:\/\/www.ifbaiano.edu.br\/unidades\/lapa\/wp-json\/wp\/v2\/types\/post"}],"author":[{"embeddable":true,"href":"https:\/\/www.ifbaiano.edu.br\/unidades\/lapa\/wp-json\/wp\/v2\/users\/65"}],"replies":[{"embeddable":true,"href":"https:\/\/www.ifbaiano.edu.br\/unidades\/lapa\/wp-json\/wp\/v2\/comments?post=4211"}],"version-history":[{"count":64,"href":"https:\/\/www.ifbaiano.edu.br\/unidades\/lapa\/wp-json\/wp\/v2\/posts\/4211\/revisions"}],"predecessor-version":[{"id":4250,"href":"https:\/\/www.ifbaiano.edu.br\/unidades\/lapa\/wp-json\/wp\/v2\/posts\/4211\/revisions\/4250"}],"wp:attachment":[{"href":"https:\/\/www.ifbaiano.edu.br\/unidades\/lapa\/wp-json\/wp\/v2\/media?parent=4211"}],"wp:term":[{"taxonomy":"category","embeddable":true,"href":"https:\/\/www.ifbaiano.edu.br\/unidades\/lapa\/wp-json\/wp\/v2\/categories?post=4211"},{"taxonomy":"post_tag","embeddable":true,"href":"https:\/\/www.ifbaiano.edu.br\/unidades\/lapa\/wp-json\/wp\/v2\/tags?post=4211"}],"curies":[{"name":"wp","href":"https:\/\/api.w.org\/{rel}","templated":true}]}}