{"id":4281,"date":"2015-10-21T21:05:34","date_gmt":"2015-10-21T23:05:34","guid":{"rendered":"http:\/\/www.ifbaiano.edu.br\/unidades\/lapa\/?p=4281"},"modified":"2015-10-21T21:11:37","modified_gmt":"2015-10-21T23:11:37","slug":"ultimos-dias-para-inscricao-no-concurso-do-if-baiano","status":"publish","type":"post","link":"https:\/\/www.ifbaiano.edu.br\/unidades\/lapa\/2015\/10\/21\/ultimos-dias-para-inscricao-no-concurso-do-if-baiano\/","title":{"rendered":"\u00faltimos dias para inscri\u00e7\u00e3o no concurso do IF Baiano"},"content":{"rendered":"<p>Inscri\u00e7\u00f5es v\u00e3o at\u00e9 o pr\u00f3ximo dia 23 de outubro de 2015.<\/p>\n<p><!--more--><\/p>\n<p>Comunicamos \u00e0 comunidade em geral, que as inscri\u00e7\u00f5es para o concurso p\u00fablico 2015 se estendem at\u00e9 o pr\u00f3ximo dia 23 de outubro. Est\u00e3o sendo oferecidas vagas de n\u00edvel m\u00e9dio, t\u00e9cnico e superior, para as categorias de T\u00e9cnicos Administrativos e Docentes do Ensino B\u00e1sico, T\u00e9cnico e Tecnol\u00f3gico.<\/p>\n<p><a href=\"http:\/\/www.ifbaiano.edu.br\/reitoria\/?p=32185\">Maiores informa\u00e7\u00f5es, acessem aqui o Edital<\/a><\/p>\n<p>&nbsp;<\/p>\n<p>Fonte: Diretoria Acad\u00eamica &#8211; Campus Bom Jesus da Lapa<\/p>\n","protected":false},"excerpt":{"rendered":"<p>Inscri\u00e7\u00f5es v\u00e3o at\u00e9 o pr\u00f3ximo dia 23 de outubro de 2015.<\/p>\n","protected":false},"author":36,"featured_media":0,"comment_status":"open","ping_status":"open","sticky":false,"template":"","format":"standard","meta":[],"categories":[37],"tags":[],"_links":{"self":[{"href":"https:\/\/www.ifbaiano.edu.br\/unidades\/lapa\/wp-json\/wp\/v2\/posts\/4281"}],"collection":[{"href":"https:\/\/www.ifbaiano.edu.br\/unidades\/lapa\/wp-json\/wp\/v2\/posts"}],"about":[{"href":"https:\/\/www.ifbaiano.edu.br\/unidades\/lapa\/wp-json\/wp\/v2\/types\/post"}],"author":[{"embeddable":true,"href":"https:\/\/www.ifbaiano.edu.br\/unidades\/lapa\/wp-json\/wp\/v2\/users\/36"}],"replies":[{"embeddable":true,"href":"https:\/\/www.ifbaiano.edu.br\/unidades\/lapa\/wp-json\/wp\/v2\/comments?post=4281"}],"version-history":[{"count":2,"href":"https:\/\/www.ifbaiano.edu.br\/unidades\/lapa\/wp-json\/wp\/v2\/posts\/4281\/revisions"}],"predecessor-version":[{"id":4283,"href":"https:\/\/www.ifbaiano.edu.br\/unidades\/lapa\/wp-json\/wp\/v2\/posts\/4281\/revisions\/4283"}],"wp:attachment":[{"href":"https:\/\/www.ifbaiano.edu.br\/unidades\/lapa\/wp-json\/wp\/v2\/media?parent=4281"}],"wp:term":[{"taxonomy":"category","embeddable":true,"href":"https:\/\/www.ifbaiano.edu.br\/unidades\/lapa\/wp-json\/wp\/v2\/categories?post=4281"},{"taxonomy":"post_tag","embeddable":true,"href":"https:\/\/www.ifbaiano.edu.br\/unidades\/lapa\/wp-json\/wp\/v2\/tags?post=4281"}],"curies":[{"name":"wp","href":"https:\/\/api.w.org\/{rel}","templated":true}]}}