{"id":4285,"date":"2015-10-23T17:22:40","date_gmt":"2015-10-23T19:22:40","guid":{"rendered":"http:\/\/www.ifbaiano.edu.br\/unidades\/lapa\/?p=4285"},"modified":"2015-10-23T17:22:40","modified_gmt":"2015-10-23T19:22:40","slug":"selecao-de-tutor-de-espanhol-curso-e-tec-idiomas-bom-jesus-da-lapa","status":"publish","type":"post","link":"https:\/\/www.ifbaiano.edu.br\/unidades\/lapa\/2015\/10\/23\/selecao-de-tutor-de-espanhol-curso-e-tec-idiomas-bom-jesus-da-lapa\/","title":{"rendered":"Sele\u00e7\u00e3o de Tutor de Espanhol &#8211; Curso e-Tec &#8211; Idiomas &#8211; Bom Jesus da Lapa"},"content":{"rendered":"<p>As inscri\u00e7\u00f5es acontecem no per\u00edodo de 23 a 28 de outubro de 2015.<\/p>\n<p><!--more--><\/p>\n<p>A coordena\u00e7\u00e3o de Polo da Rede e-Tec do Instituto Federal de Educa\u00e7\u00e3o Ci\u00eancia e Tecnologia Baiano &#8211; Campus Bom Jesus da Lapa, no uso de suas atribui\u00e7\u00f5es, faz saber aos interessados que estar\u00e3o abertas as inscri\u00e7\u00f5es para o Processo Seletivo Simplificado, com vistas \u00e0 contrata\u00e7\u00e3o tempor\u00e1ria de TUTORES A DIST\u00c2NCIA DO PROGRAMA E-TEC IDIOMAS, para atua\u00e7\u00e3o no IF BAIANO, na condi\u00e7\u00e3o de bolsista, em regime de 20 (vinte horas) semanais.<\/p>\n<p>O valor da bolsa mensal \u00e9 de R$ 765,00 (setecentos e sessenta e cinco reais), com vig\u00eancia de at\u00e9 18 (dezoito) meses a partir do in\u00edcio dos trabalhos de tutoria junto aos discentes.<\/p>\n<p><a href=\"http:\/\/www.ifbaiano.edu.br\/unidades\/lapa\/files\/2015\/10\/edital-tutor.pdf\">Acessem aqui o Edital<\/a><\/p>\n","protected":false},"excerpt":{"rendered":"<p>As inscri\u00e7\u00f5es acontecem no per\u00edodo de 23 a 28 de outubro de 2015.<\/p>\n","protected":false},"author":36,"featured_media":0,"comment_status":"open","ping_status":"open","sticky":false,"template":"","format":"standard","meta":[],"categories":[39],"tags":[],"_links":{"self":[{"href":"https:\/\/www.ifbaiano.edu.br\/unidades\/lapa\/wp-json\/wp\/v2\/posts\/4285"}],"collection":[{"href":"https:\/\/www.ifbaiano.edu.br\/unidades\/lapa\/wp-json\/wp\/v2\/posts"}],"about":[{"href":"https:\/\/www.ifbaiano.edu.br\/unidades\/lapa\/wp-json\/wp\/v2\/types\/post"}],"author":[{"embeddable":true,"href":"https:\/\/www.ifbaiano.edu.br\/unidades\/lapa\/wp-json\/wp\/v2\/users\/36"}],"replies":[{"embeddable":true,"href":"https:\/\/www.ifbaiano.edu.br\/unidades\/lapa\/wp-json\/wp\/v2\/comments?post=4285"}],"version-history":[{"count":2,"href":"https:\/\/www.ifbaiano.edu.br\/unidades\/lapa\/wp-json\/wp\/v2\/posts\/4285\/revisions"}],"predecessor-version":[{"id":4288,"href":"https:\/\/www.ifbaiano.edu.br\/unidades\/lapa\/wp-json\/wp\/v2\/posts\/4285\/revisions\/4288"}],"wp:attachment":[{"href":"https:\/\/www.ifbaiano.edu.br\/unidades\/lapa\/wp-json\/wp\/v2\/media?parent=4285"}],"wp:term":[{"taxonomy":"category","embeddable":true,"href":"https:\/\/www.ifbaiano.edu.br\/unidades\/lapa\/wp-json\/wp\/v2\/categories?post=4285"},{"taxonomy":"post_tag","embeddable":true,"href":"https:\/\/www.ifbaiano.edu.br\/unidades\/lapa\/wp-json\/wp\/v2\/tags?post=4285"}],"curies":[{"name":"wp","href":"https:\/\/api.w.org\/{rel}","templated":true}]}}