{"id":4289,"date":"2015-10-27T21:14:32","date_gmt":"2015-10-27T23:14:32","guid":{"rendered":"http:\/\/www.ifbaiano.edu.br\/unidades\/lapa\/?p=4289"},"modified":"2015-10-27T21:14:32","modified_gmt":"2015-10-27T23:14:32","slug":"retorno-as-aulas-dia-29-de-outubro","status":"publish","type":"post","link":"https:\/\/www.ifbaiano.edu.br\/unidades\/lapa\/2015\/10\/27\/retorno-as-aulas-dia-29-de-outubro\/","title":{"rendered":"Retorno \u00e0s Aulas dia 29 de outubro"},"content":{"rendered":"<p>Confiram abaixo a nota informativa da Diretoria Acad\u00eamica.<\/p>\n<p><!--more--><\/p>\n<p>A Diretoria Acad\u00eamica do Campus Bom Jesus da Lapa comunica a todos os estudantes dos Cursos T\u00e9cnico em Inform\u00e1tica e T\u00e9cnico em Agricultura que o retorno \u00e0s aulas ocorrer\u00e1 no dia 29 de outubro de 2015 (quinta-feira), em seus respectivos turnos.<\/p>\n<p><strong>DISPONIBILIDADE DE VE\u00cdCULO<\/strong><\/p>\n<p>Informamos que a Prefeitura de Bom Jesus da Lapa disponibiliza \u00f4nibus para os estudantes, o qual sai diariamente de frente da Escola Municipal Paulo Freire \u00e0s 6:50 (TURNO MATUTINO); 13:00 horas (TURNO VESPERTINO); 18:40 (TURNO NOTURNO).<\/p>\n<p>A prefeitura de Serra do Ramalho tamb\u00e9m disponibiliza ve\u00edculos em cada turno. Os alunos dever\u00e3o se informar sobre os hor\u00e1rios junto \u00e0 Secretaria Municipal de Educa\u00e7\u00e3o do referido munic\u00edpio.<\/p>\n<p><strong>Fonte<\/strong>: Diretoria Acad\u00eamica<\/p>\n<p>&nbsp;<\/p>\n","protected":false},"excerpt":{"rendered":"<p>Confiram abaixo a nota informativa da Diretoria Acad\u00eamica.<\/p>\n","protected":false},"author":36,"featured_media":0,"comment_status":"open","ping_status":"open","sticky":false,"template":"","format":"standard","meta":[],"categories":[39],"tags":[],"_links":{"self":[{"href":"https:\/\/www.ifbaiano.edu.br\/unidades\/lapa\/wp-json\/wp\/v2\/posts\/4289"}],"collection":[{"href":"https:\/\/www.ifbaiano.edu.br\/unidades\/lapa\/wp-json\/wp\/v2\/posts"}],"about":[{"href":"https:\/\/www.ifbaiano.edu.br\/unidades\/lapa\/wp-json\/wp\/v2\/types\/post"}],"author":[{"embeddable":true,"href":"https:\/\/www.ifbaiano.edu.br\/unidades\/lapa\/wp-json\/wp\/v2\/users\/36"}],"replies":[{"embeddable":true,"href":"https:\/\/www.ifbaiano.edu.br\/unidades\/lapa\/wp-json\/wp\/v2\/comments?post=4289"}],"version-history":[{"count":2,"href":"https:\/\/www.ifbaiano.edu.br\/unidades\/lapa\/wp-json\/wp\/v2\/posts\/4289\/revisions"}],"predecessor-version":[{"id":4291,"href":"https:\/\/www.ifbaiano.edu.br\/unidades\/lapa\/wp-json\/wp\/v2\/posts\/4289\/revisions\/4291"}],"wp:attachment":[{"href":"https:\/\/www.ifbaiano.edu.br\/unidades\/lapa\/wp-json\/wp\/v2\/media?parent=4289"}],"wp:term":[{"taxonomy":"category","embeddable":true,"href":"https:\/\/www.ifbaiano.edu.br\/unidades\/lapa\/wp-json\/wp\/v2\/categories?post=4289"},{"taxonomy":"post_tag","embeddable":true,"href":"https:\/\/www.ifbaiano.edu.br\/unidades\/lapa\/wp-json\/wp\/v2\/tags?post=4289"}],"curies":[{"name":"wp","href":"https:\/\/api.w.org\/{rel}","templated":true}]}}