{"id":4294,"date":"2015-10-27T21:37:58","date_gmt":"2015-10-27T23:37:58","guid":{"rendered":"http:\/\/www.ifbaiano.edu.br\/unidades\/lapa\/?p=4294"},"modified":"2015-10-27T21:42:30","modified_gmt":"2015-10-27T23:42:30","slug":"campus-bom-jesus-da-lapa-realiza-encontro-pedagogico-2015-2","status":"publish","type":"post","link":"https:\/\/www.ifbaiano.edu.br\/unidades\/lapa\/2015\/10\/27\/campus-bom-jesus-da-lapa-realiza-encontro-pedagogico-2015-2\/","title":{"rendered":"Campus Bom Jesus da Lapa realiza Encontro Pedag\u00f3gico 2015.2"},"content":{"rendered":"<p>Evento acontece nos dias 27 e 28 de outubro de 2015.<\/p>\n<p><!--more-->O <em>Campus<\/em> Bom Jesus da Lapa, consciente da natureza coletiva e dial\u00f3gica do processo educativo, realiza nos dias 27 e 28 de outubro de 2015, o Encontro Pedag\u00f3gico 2015.2, que traz como tema: <strong>Reflex\u00f5es sobre a forma\u00e7\u00e3o e o ensino na Educa\u00e7\u00e3o Profissional: o fazer pedag\u00f3gico numa perspectiva mais integradora.\u00a0<\/strong>O encontro constitui-se como um espa\u00e7o coletivo de reflex\u00e3o sobre o fazer pedag\u00f3gico e revela-se um momento oportuno para as trocas de experi\u00eancias.<\/p>\n<p>O objetivo principal deste encontro \u00e9 proporcionar momentos de integra\u00e7\u00e3o, reflex\u00e3o, debate, avalia\u00e7\u00e3o, constru\u00e7\u00e3o coletiva e fortalecimento do planejamento das a\u00e7\u00f5es pedag\u00f3gicas do <em>Campus<\/em> para o semestre letivo 2015.2. O envolvimento de todos e o compartilhamento de experi\u00eancias e saberes potencializar\u00e1 as a\u00e7\u00f5es planejadas e a compreens\u00e3o da pr\u00f3pria pr\u00e1tica no contexto educacional.<\/p>\n<p>&nbsp;<\/p>\n<p style=\"text-align: center\" align=\"center\"><strong><a href=\"http:\/\/www.ifbaiano.edu.br\/unidades\/lapa\/files\/2015\/10\/foto.jpg\"><img decoding=\"async\" loading=\"lazy\" class=\"aligncenter size-medium wp-image-4295\" src=\"http:\/\/www.ifbaiano.edu.br\/unidades\/lapa\/files\/2015\/10\/foto-300x180.jpg\" alt=\"\" width=\"300\" height=\"180\" srcset=\"https:\/\/www.ifbaiano.edu.br\/unidades\/lapa\/files\/2015\/10\/foto-300x180.jpg 300w, https:\/\/www.ifbaiano.edu.br\/unidades\/lapa\/files\/2015\/10\/foto-1024x614.jpg 1024w, https:\/\/www.ifbaiano.edu.br\/unidades\/lapa\/files\/2015\/10\/foto-400x240.jpg 400w\" sizes=\"(max-width: 300px) 100vw, 300px\" \/><\/a>\u00a0<\/strong><\/p>\n","protected":false},"excerpt":{"rendered":"<p>Evento acontece nos dias 27 e 28 de outubro de 2015.<\/p>\n","protected":false},"author":36,"featured_media":0,"comment_status":"open","ping_status":"open","sticky":false,"template":"","format":"standard","meta":[],"categories":[1],"tags":[],"_links":{"self":[{"href":"https:\/\/www.ifbaiano.edu.br\/unidades\/lapa\/wp-json\/wp\/v2\/posts\/4294"}],"collection":[{"href":"https:\/\/www.ifbaiano.edu.br\/unidades\/lapa\/wp-json\/wp\/v2\/posts"}],"about":[{"href":"https:\/\/www.ifbaiano.edu.br\/unidades\/lapa\/wp-json\/wp\/v2\/types\/post"}],"author":[{"embeddable":true,"href":"https:\/\/www.ifbaiano.edu.br\/unidades\/lapa\/wp-json\/wp\/v2\/users\/36"}],"replies":[{"embeddable":true,"href":"https:\/\/www.ifbaiano.edu.br\/unidades\/lapa\/wp-json\/wp\/v2\/comments?post=4294"}],"version-history":[{"count":7,"href":"https:\/\/www.ifbaiano.edu.br\/unidades\/lapa\/wp-json\/wp\/v2\/posts\/4294\/revisions"}],"predecessor-version":[{"id":4297,"href":"https:\/\/www.ifbaiano.edu.br\/unidades\/lapa\/wp-json\/wp\/v2\/posts\/4294\/revisions\/4297"}],"wp:attachment":[{"href":"https:\/\/www.ifbaiano.edu.br\/unidades\/lapa\/wp-json\/wp\/v2\/media?parent=4294"}],"wp:term":[{"taxonomy":"category","embeddable":true,"href":"https:\/\/www.ifbaiano.edu.br\/unidades\/lapa\/wp-json\/wp\/v2\/categories?post=4294"},{"taxonomy":"post_tag","embeddable":true,"href":"https:\/\/www.ifbaiano.edu.br\/unidades\/lapa\/wp-json\/wp\/v2\/tags?post=4294"}],"curies":[{"name":"wp","href":"https:\/\/api.w.org\/{rel}","templated":true}]}}