{"id":4305,"date":"2015-10-28T22:06:53","date_gmt":"2015-10-29T00:06:53","guid":{"rendered":"http:\/\/www.ifbaiano.edu.br\/unidades\/lapa\/?p=4305"},"modified":"2015-10-28T22:06:53","modified_gmt":"2015-10-29T00:06:53","slug":"selecao-de-estudantes-para-os-cursos-de-espanhol-e-ingles-intermediario-da-rede-etec","status":"publish","type":"post","link":"https:\/\/www.ifbaiano.edu.br\/unidades\/lapa\/2015\/10\/28\/selecao-de-estudantes-para-os-cursos-de-espanhol-e-ingles-intermediario-da-rede-etec\/","title":{"rendered":"Sele\u00e7\u00e3o de Estudantes para os cursos de Espanhol e Ingl\u00eas Intermedi\u00e1rio da rede eTec"},"content":{"rendered":"<p>As inscri\u00e7\u00f5es para o processo seletivo ser\u00e3o realizadas no per\u00edodo compreendido entre 26 e 30 de outubro de 2015.<\/p>\n<p><!--more--><\/p>\n<p>A sele\u00e7\u00e3o dos alunos dar-se-\u00e1 a partir do resultado obtido em uma avalia\u00e7\u00e3o presencial para nivelamento, no curso pretendido pelo candidato, a ser realizada dia 27 de novembro de 2015.<\/p>\n<p>Os estudantes que n\u00e3o obtiveram aprova\u00e7\u00e3o nos m\u00f3dulos b\u00e1sicos, caso queiram ingressar no m\u00f3dulo intermedi\u00e1rio, dever\u00e3o realizar a inscri\u00e7\u00e3o e participar da sele\u00e7\u00e3o com os demais candidatos.<\/p>\n<p>Aos estudantes que foram aprovados nos m\u00f3dulos b\u00e1sicos \u00e9 assegurada a vaga no m\u00f3dulo intermedi\u00e1rio, bastando apenas ao aluno responder o email enviado pela coordena\u00e7\u00e3o de Polo.<\/p>\n<p>Ser\u00e1 ofertado aos candidatos um curso de revis\u00e3o do m\u00f3dulo b\u00e1sico dos dias 09 \u00e0 25 de novembro 2015.<\/p>\n<p>D\u00favidas poder\u00e3o ser dirimidas atrav\u00e9s dos e-mails: <a href=\"mailto:polo.lapa@ead.ifbaiano.edu.br\">polo.lapa@ead.ifbaiano.edu.br<\/a> e <a href=\"mailto:da@lapa.ifbaiano.edu.br\">da@lapa.ifbaiano.edu.br<\/a>.<\/p>\n<p><a href=\"http:\/\/concurso.ifbaiano.edu.br\/portal\/etecidiomas20152\/wp-content\/uploads\/sites\/27\/2011\/04\/Edital77.pdf\">Acessem aqui o Edital<\/a>!<\/p>\n<p>&nbsp;<\/p>\n<p>&nbsp;<\/p>\n","protected":false},"excerpt":{"rendered":"<p>As inscri\u00e7\u00f5es para o processo seletivo ser\u00e3o realizadas no per\u00edodo compreendido entre 26 e 30 de outubro de 2015.<\/p>\n","protected":false},"author":36,"featured_media":0,"comment_status":"open","ping_status":"open","sticky":false,"template":"","format":"standard","meta":[],"categories":[39],"tags":[],"_links":{"self":[{"href":"https:\/\/www.ifbaiano.edu.br\/unidades\/lapa\/wp-json\/wp\/v2\/posts\/4305"}],"collection":[{"href":"https:\/\/www.ifbaiano.edu.br\/unidades\/lapa\/wp-json\/wp\/v2\/posts"}],"about":[{"href":"https:\/\/www.ifbaiano.edu.br\/unidades\/lapa\/wp-json\/wp\/v2\/types\/post"}],"author":[{"embeddable":true,"href":"https:\/\/www.ifbaiano.edu.br\/unidades\/lapa\/wp-json\/wp\/v2\/users\/36"}],"replies":[{"embeddable":true,"href":"https:\/\/www.ifbaiano.edu.br\/unidades\/lapa\/wp-json\/wp\/v2\/comments?post=4305"}],"version-history":[{"count":2,"href":"https:\/\/www.ifbaiano.edu.br\/unidades\/lapa\/wp-json\/wp\/v2\/posts\/4305\/revisions"}],"predecessor-version":[{"id":4307,"href":"https:\/\/www.ifbaiano.edu.br\/unidades\/lapa\/wp-json\/wp\/v2\/posts\/4305\/revisions\/4307"}],"wp:attachment":[{"href":"https:\/\/www.ifbaiano.edu.br\/unidades\/lapa\/wp-json\/wp\/v2\/media?parent=4305"}],"wp:term":[{"taxonomy":"category","embeddable":true,"href":"https:\/\/www.ifbaiano.edu.br\/unidades\/lapa\/wp-json\/wp\/v2\/categories?post=4305"},{"taxonomy":"post_tag","embeddable":true,"href":"https:\/\/www.ifbaiano.edu.br\/unidades\/lapa\/wp-json\/wp\/v2\/tags?post=4305"}],"curies":[{"name":"wp","href":"https:\/\/api.w.org\/{rel}","templated":true}]}}