{"id":4309,"date":"2015-10-29T18:09:28","date_gmt":"2015-10-29T20:09:28","guid":{"rendered":"http:\/\/www.ifbaiano.edu.br\/unidades\/lapa\/?p=4309"},"modified":"2015-10-29T18:14:54","modified_gmt":"2015-10-29T20:14:54","slug":"nona-chamada-de-matriculas-curso-tecnico-em-agricultura","status":"publish","type":"post","link":"https:\/\/www.ifbaiano.edu.br\/unidades\/lapa\/2015\/10\/29\/nona-chamada-de-matriculas-curso-tecnico-em-agricultura\/","title":{"rendered":"Nona chamada de matr\u00edculas &#8211; Curso T\u00e9cnico em Agricultura Turma 2015.2"},"content":{"rendered":"<p>O Campus est\u00e1 convocando dois candidatos, em raz\u00e3o de desist\u00eancias formais de vagas, para o M\u00f3dulo I &#8211; Turno Matutino.<\/p>\n<p><!--more--><a href=\"http:\/\/www.ifbaiano.edu.br\/unidades\/lapa\/files\/2015\/10\/nona-chamada.pdf\">Acessem aqui a rela\u00e7\u00e3o de Nona Chamada de matr\u00edculas.<\/a><\/p>\n<p>&nbsp;<\/p>\n<p>Fonte: Diretoria Acad\u00eamica<\/p>\n","protected":false},"excerpt":{"rendered":"<p>O Campus est\u00e1 convocando dois candidatos, em raz\u00e3o de desist\u00eancias formais de vagas, para o M\u00f3dulo I &#8211; Turno Matutino.<\/p>\n","protected":false},"author":36,"featured_media":0,"comment_status":"open","ping_status":"open","sticky":false,"template":"","format":"standard","meta":[],"categories":[39],"tags":[],"_links":{"self":[{"href":"https:\/\/www.ifbaiano.edu.br\/unidades\/lapa\/wp-json\/wp\/v2\/posts\/4309"}],"collection":[{"href":"https:\/\/www.ifbaiano.edu.br\/unidades\/lapa\/wp-json\/wp\/v2\/posts"}],"about":[{"href":"https:\/\/www.ifbaiano.edu.br\/unidades\/lapa\/wp-json\/wp\/v2\/types\/post"}],"author":[{"embeddable":true,"href":"https:\/\/www.ifbaiano.edu.br\/unidades\/lapa\/wp-json\/wp\/v2\/users\/36"}],"replies":[{"embeddable":true,"href":"https:\/\/www.ifbaiano.edu.br\/unidades\/lapa\/wp-json\/wp\/v2\/comments?post=4309"}],"version-history":[{"count":4,"href":"https:\/\/www.ifbaiano.edu.br\/unidades\/lapa\/wp-json\/wp\/v2\/posts\/4309\/revisions"}],"predecessor-version":[{"id":4313,"href":"https:\/\/www.ifbaiano.edu.br\/unidades\/lapa\/wp-json\/wp\/v2\/posts\/4309\/revisions\/4313"}],"wp:attachment":[{"href":"https:\/\/www.ifbaiano.edu.br\/unidades\/lapa\/wp-json\/wp\/v2\/media?parent=4309"}],"wp:term":[{"taxonomy":"category","embeddable":true,"href":"https:\/\/www.ifbaiano.edu.br\/unidades\/lapa\/wp-json\/wp\/v2\/categories?post=4309"},{"taxonomy":"post_tag","embeddable":true,"href":"https:\/\/www.ifbaiano.edu.br\/unidades\/lapa\/wp-json\/wp\/v2\/tags?post=4309"}],"curies":[{"name":"wp","href":"https:\/\/api.w.org\/{rel}","templated":true}]}}