{"id":4317,"date":"2015-11-02T11:54:23","date_gmt":"2015-11-02T13:54:23","guid":{"rendered":"http:\/\/www.ifbaiano.edu.br\/unidades\/lapa\/?p=4317"},"modified":"2015-11-02T11:54:23","modified_gmt":"2015-11-02T13:54:23","slug":"campus-lapa-divulga-calendario-academico-2015-2","status":"publish","type":"post","link":"https:\/\/www.ifbaiano.edu.br\/unidades\/lapa\/2015\/11\/02\/campus-lapa-divulga-calendario-academico-2015-2\/","title":{"rendered":"Campus Lapa divulga Calend\u00e1rio Acad\u00eamico 2015.2"},"content":{"rendered":"<p>O Campus Bom Jesus da Lapa disponibiliza, na aba Espa\u00e7o do Estudante, o Calend\u00e1rio Acad\u00eamico 2015.2 (P\u00f3s-Greve) para conhecimento da comunidade acad\u00eamica. Acessem!<\/p>\n","protected":false},"excerpt":{"rendered":"<p>O Campus Bom Jesus da Lapa disponibiliza, na aba Espa\u00e7o do Estudante, o Calend\u00e1rio Acad\u00eamico 2015.2 (P\u00f3s-Greve) para conhecimento da comunidade acad\u00eamica. Acessem!<\/p>\n","protected":false},"author":36,"featured_media":0,"comment_status":"open","ping_status":"open","sticky":false,"template":"","format":"standard","meta":[],"categories":[39],"tags":[],"_links":{"self":[{"href":"https:\/\/www.ifbaiano.edu.br\/unidades\/lapa\/wp-json\/wp\/v2\/posts\/4317"}],"collection":[{"href":"https:\/\/www.ifbaiano.edu.br\/unidades\/lapa\/wp-json\/wp\/v2\/posts"}],"about":[{"href":"https:\/\/www.ifbaiano.edu.br\/unidades\/lapa\/wp-json\/wp\/v2\/types\/post"}],"author":[{"embeddable":true,"href":"https:\/\/www.ifbaiano.edu.br\/unidades\/lapa\/wp-json\/wp\/v2\/users\/36"}],"replies":[{"embeddable":true,"href":"https:\/\/www.ifbaiano.edu.br\/unidades\/lapa\/wp-json\/wp\/v2\/comments?post=4317"}],"version-history":[{"count":1,"href":"https:\/\/www.ifbaiano.edu.br\/unidades\/lapa\/wp-json\/wp\/v2\/posts\/4317\/revisions"}],"predecessor-version":[{"id":4318,"href":"https:\/\/www.ifbaiano.edu.br\/unidades\/lapa\/wp-json\/wp\/v2\/posts\/4317\/revisions\/4318"}],"wp:attachment":[{"href":"https:\/\/www.ifbaiano.edu.br\/unidades\/lapa\/wp-json\/wp\/v2\/media?parent=4317"}],"wp:term":[{"taxonomy":"category","embeddable":true,"href":"https:\/\/www.ifbaiano.edu.br\/unidades\/lapa\/wp-json\/wp\/v2\/categories?post=4317"},{"taxonomy":"post_tag","embeddable":true,"href":"https:\/\/www.ifbaiano.edu.br\/unidades\/lapa\/wp-json\/wp\/v2\/tags?post=4317"}],"curies":[{"name":"wp","href":"https:\/\/api.w.org\/{rel}","templated":true}]}}