{"id":4344,"date":"2015-11-03T10:21:07","date_gmt":"2015-11-03T12:21:07","guid":{"rendered":"http:\/\/www.ifbaiano.edu.br\/unidades\/lapa\/?p=4344"},"modified":"2015-11-03T16:01:31","modified_gmt":"2015-11-03T18:01:31","slug":"campus-bom-jesus-da-lapa-publica-edital-de-assistencia-estudantil-2015-2","status":"publish","type":"post","link":"https:\/\/www.ifbaiano.edu.br\/unidades\/lapa\/2015\/11\/03\/campus-bom-jesus-da-lapa-publica-edital-de-assistencia-estudantil-2015-2\/","title":{"rendered":"Campus Bom Jesus da Lapa publica Edital de Assist\u00eancia Estudantil 2015.2"},"content":{"rendered":"<p><\/p>\n<div>A Dire\u00e7\u00e3o Geral do Campus Bom Jesus da Lapa torna p\u00fablico o Edital da Pol\u00edtica de Assist\u00eancia Estudantil 2015.2. S\u00e3o 51 bolsas, distribu\u00eddas entre aux\u00edlios: Alimenta\u00e7\u00e3o, Transporte, Moradia e Creche.<\/div>\n<p><\/p>\n<div>Acessem\u00a0<a href=\"http:\/\/www.ifbaiano.edu.br\/unidades\/lapa\/files\/2015\/11\/editall1.pdf\" target=\"_blank\">aqui<\/a>\u00a0o edital e participem!<\/div>\n<p><\/p>\n<div>Fonte: Diretoria Acad\u00eamica<\/div>\n<hr>\n","protected":false},"excerpt":{"rendered":"<p>A Dire\u00e7\u00e3o Geral do Campus Bom Jesus da Lapa torna p\u00fablico o Edital da Pol\u00edtica de Assist\u00eancia Estudantil 2015.2. S\u00e3o 51 bolsas, distribu\u00eddas entre aux\u00edlios: Alimenta\u00e7\u00e3o, Transporte, Moradia e Creche. Acessem\u00a0aqui\u00a0o edital e participem! Fonte: Diretoria Acad\u00eamica<\/p>\n","protected":false},"author":36,"featured_media":0,"comment_status":"open","ping_status":"open","sticky":false,"template":"","format":"standard","meta":[],"categories":[32,30,24],"tags":[],"_links":{"self":[{"href":"https:\/\/www.ifbaiano.edu.br\/unidades\/lapa\/wp-json\/wp\/v2\/posts\/4344"}],"collection":[{"href":"https:\/\/www.ifbaiano.edu.br\/unidades\/lapa\/wp-json\/wp\/v2\/posts"}],"about":[{"href":"https:\/\/www.ifbaiano.edu.br\/unidades\/lapa\/wp-json\/wp\/v2\/types\/post"}],"author":[{"embeddable":true,"href":"https:\/\/www.ifbaiano.edu.br\/unidades\/lapa\/wp-json\/wp\/v2\/users\/36"}],"replies":[{"embeddable":true,"href":"https:\/\/www.ifbaiano.edu.br\/unidades\/lapa\/wp-json\/wp\/v2\/comments?post=4344"}],"version-history":[{"count":8,"href":"https:\/\/www.ifbaiano.edu.br\/unidades\/lapa\/wp-json\/wp\/v2\/posts\/4344\/revisions"}],"predecessor-version":[{"id":4357,"href":"https:\/\/www.ifbaiano.edu.br\/unidades\/lapa\/wp-json\/wp\/v2\/posts\/4344\/revisions\/4357"}],"wp:attachment":[{"href":"https:\/\/www.ifbaiano.edu.br\/unidades\/lapa\/wp-json\/wp\/v2\/media?parent=4344"}],"wp:term":[{"taxonomy":"category","embeddable":true,"href":"https:\/\/www.ifbaiano.edu.br\/unidades\/lapa\/wp-json\/wp\/v2\/categories?post=4344"},{"taxonomy":"post_tag","embeddable":true,"href":"https:\/\/www.ifbaiano.edu.br\/unidades\/lapa\/wp-json\/wp\/v2\/tags?post=4344"}],"curies":[{"name":"wp","href":"https:\/\/api.w.org\/{rel}","templated":true}]}}