{"id":4370,"date":"2015-11-03T20:09:23","date_gmt":"2015-11-03T22:09:23","guid":{"rendered":"http:\/\/www.ifbaiano.edu.br\/unidades\/lapa\/?p=4370"},"modified":"2015-11-05T17:23:01","modified_gmt":"2015-11-05T19:23:01","slug":"campus-bom-jesus-da-lapa-abre-inscricoes-para-coristas-do-baiano-encanto","status":"publish","type":"post","link":"https:\/\/www.ifbaiano.edu.br\/unidades\/lapa\/2015\/11\/03\/campus-bom-jesus-da-lapa-abre-inscricoes-para-coristas-do-baiano-encanto\/","title":{"rendered":"Campus Bom Jesus da Lapa abre inscri\u00e7\u00f5es para coristas do Baiano Encanto"},"content":{"rendered":"<p>As inscri\u00e7\u00f5es para coristas do IF Baiano &#8211; Campus Bom Jesus da Lapa podem ser feitas online, acessando o seguinte link:<\/p>\n<p><a href=\"https:\/\/docs.google.com\/forms\/d\/1ySTbiOgqHFcNKN4Vs6MUCFR3M_Yy9j--5z9CgG2WEw0\/viewform?c=0&amp;w=1&amp;usp=mail_form_link\" target=\"_blank\">INSCRI\u00c7\u00d5ES AQUI <\/a><\/p>\n<p>As inscri\u00e7\u00f5es ser\u00e3o realizadas no per\u00edodo de 03 a 08 de novembro. Participem!!<\/p>\n<div><img decoding=\"async\" loading=\"lazy\" class=\"aligncenter size-full wp-image-3575\" src=\"http:\/\/www.ifbaiano.edu.br\/unidades\/lapa\/files\/2015\/11\/cartaz-coro-3.jpg\" alt=\"Coro Encanto\" width=\"461\" height=\"666\" \/><\/div>\n<p>&nbsp;<\/p>\n<p><strong>Fonte:<\/strong> Coordena\u00e7\u00e3o dos projetos de Musicaliza\u00e7\u00e3o \/ Prof. Vasni<\/p>\n<p>&nbsp;<\/p>\n","protected":false},"excerpt":{"rendered":"<p>As inscri\u00e7\u00f5es para coristas do IF Baiano &#8211; Campus Bom Jesus da Lapa podem ser feitas online, acessando o seguinte link: INSCRI\u00c7\u00d5ES AQUI As inscri\u00e7\u00f5es ser\u00e3o realizadas no per\u00edodo de 03 a 08 de novembro. Participem!! &nbsp; Fonte: Coordena\u00e7\u00e3o dos projetos de Musicaliza\u00e7\u00e3o \/ Prof. Vasni &nbsp;<\/p>\n","protected":false},"author":36,"featured_media":0,"comment_status":"open","ping_status":"open","sticky":false,"template":"","format":"standard","meta":[],"categories":[39],"tags":[],"_links":{"self":[{"href":"https:\/\/www.ifbaiano.edu.br\/unidades\/lapa\/wp-json\/wp\/v2\/posts\/4370"}],"collection":[{"href":"https:\/\/www.ifbaiano.edu.br\/unidades\/lapa\/wp-json\/wp\/v2\/posts"}],"about":[{"href":"https:\/\/www.ifbaiano.edu.br\/unidades\/lapa\/wp-json\/wp\/v2\/types\/post"}],"author":[{"embeddable":true,"href":"https:\/\/www.ifbaiano.edu.br\/unidades\/lapa\/wp-json\/wp\/v2\/users\/36"}],"replies":[{"embeddable":true,"href":"https:\/\/www.ifbaiano.edu.br\/unidades\/lapa\/wp-json\/wp\/v2\/comments?post=4370"}],"version-history":[{"count":5,"href":"https:\/\/www.ifbaiano.edu.br\/unidades\/lapa\/wp-json\/wp\/v2\/posts\/4370\/revisions"}],"predecessor-version":[{"id":4373,"href":"https:\/\/www.ifbaiano.edu.br\/unidades\/lapa\/wp-json\/wp\/v2\/posts\/4370\/revisions\/4373"}],"wp:attachment":[{"href":"https:\/\/www.ifbaiano.edu.br\/unidades\/lapa\/wp-json\/wp\/v2\/media?parent=4370"}],"wp:term":[{"taxonomy":"category","embeddable":true,"href":"https:\/\/www.ifbaiano.edu.br\/unidades\/lapa\/wp-json\/wp\/v2\/categories?post=4370"},{"taxonomy":"post_tag","embeddable":true,"href":"https:\/\/www.ifbaiano.edu.br\/unidades\/lapa\/wp-json\/wp\/v2\/tags?post=4370"}],"curies":[{"name":"wp","href":"https:\/\/api.w.org\/{rel}","templated":true}]}}