{"id":4507,"date":"2015-11-16T19:22:35","date_gmt":"2015-11-16T21:22:35","guid":{"rendered":"http:\/\/www.ifbaiano.edu.br\/unidades\/lapa\/?p=4507"},"modified":"2015-11-16T19:22:35","modified_gmt":"2015-11-16T21:22:35","slug":"inscricoes-para-o-grupo-de-teatro-do-campus","status":"publish","type":"post","link":"https:\/\/www.ifbaiano.edu.br\/unidades\/lapa\/2015\/11\/16\/inscricoes-para-o-grupo-de-teatro-do-campus\/","title":{"rendered":"Inscri\u00e7\u00f5es para o grupo de teatro do Campus"},"content":{"rendered":"<p>A Diretoria Acad\u00eamica informa que est\u00e3o abertas inscri\u00e7\u00f5es para o Grupo de Teatro do IF Baiano &#8211; Campus Bom Jesus da Lapa.<\/p>\n<p><!--more--><\/p>\n<p><a href=\"http:\/\/www.ifbaiano.edu.br\/unidades\/lapa\/files\/2015\/11\/teatro-chamada.pdf\">Acessem aqui a Chamada Interna 01\/2015<\/a><\/p>\n<p><a href=\"https:\/\/docs.google.com\/forms\/d\/17vQtK-vJiD2JhiNvgK4PTVCIzHiuUC_WP0IroqjH7ac\/viewform?c=0&amp;w=1\">Acessem aqui o sistema de inscri\u00e7\u00f5es<\/a><\/p>\n<p>&nbsp;<\/p>\n<p>Fonte: Diretoria Acad\u00eamica<\/p>\n","protected":false},"excerpt":{"rendered":"<p>A Diretoria Acad\u00eamica informa que est\u00e3o abertas inscri\u00e7\u00f5es para o Grupo de Teatro do IF Baiano &#8211; Campus Bom Jesus da Lapa.<\/p>\n","protected":false},"author":36,"featured_media":0,"comment_status":"open","ping_status":"open","sticky":false,"template":"","format":"standard","meta":[],"categories":[39],"tags":[],"_links":{"self":[{"href":"https:\/\/www.ifbaiano.edu.br\/unidades\/lapa\/wp-json\/wp\/v2\/posts\/4507"}],"collection":[{"href":"https:\/\/www.ifbaiano.edu.br\/unidades\/lapa\/wp-json\/wp\/v2\/posts"}],"about":[{"href":"https:\/\/www.ifbaiano.edu.br\/unidades\/lapa\/wp-json\/wp\/v2\/types\/post"}],"author":[{"embeddable":true,"href":"https:\/\/www.ifbaiano.edu.br\/unidades\/lapa\/wp-json\/wp\/v2\/users\/36"}],"replies":[{"embeddable":true,"href":"https:\/\/www.ifbaiano.edu.br\/unidades\/lapa\/wp-json\/wp\/v2\/comments?post=4507"}],"version-history":[{"count":2,"href":"https:\/\/www.ifbaiano.edu.br\/unidades\/lapa\/wp-json\/wp\/v2\/posts\/4507\/revisions"}],"predecessor-version":[{"id":4510,"href":"https:\/\/www.ifbaiano.edu.br\/unidades\/lapa\/wp-json\/wp\/v2\/posts\/4507\/revisions\/4510"}],"wp:attachment":[{"href":"https:\/\/www.ifbaiano.edu.br\/unidades\/lapa\/wp-json\/wp\/v2\/media?parent=4507"}],"wp:term":[{"taxonomy":"category","embeddable":true,"href":"https:\/\/www.ifbaiano.edu.br\/unidades\/lapa\/wp-json\/wp\/v2\/categories?post=4507"},{"taxonomy":"post_tag","embeddable":true,"href":"https:\/\/www.ifbaiano.edu.br\/unidades\/lapa\/wp-json\/wp\/v2\/tags?post=4507"}],"curies":[{"name":"wp","href":"https:\/\/api.w.org\/{rel}","templated":true}]}}