{"id":4569,"date":"2015-11-20T08:55:39","date_gmt":"2015-11-20T10:55:39","guid":{"rendered":"http:\/\/www.ifbaiano.edu.br\/unidades\/lapa\/?p=4569"},"modified":"2015-11-20T13:32:59","modified_gmt":"2015-11-20T15:32:59","slug":"retificado-cronograma-do-edital-152015-referente-selecao-de-monitores-bolsistas","status":"publish","type":"post","link":"https:\/\/www.ifbaiano.edu.br\/unidades\/lapa\/2015\/11\/20\/retificado-cronograma-do-edital-152015-referente-selecao-de-monitores-bolsistas\/","title":{"rendered":"Retificado Cronograma do Edital 15\/2015 referente Sele\u00e7\u00e3o de Monitores Bolsistas"},"content":{"rendered":"<p>A Dire\u00e7\u00e3o Geral e Dire\u00e7\u00e3o Acad\u00eamica tornam p\u00fablico a <strong>RETIFICA\u00c7\u00c3O NO CRONOGRAMA DO EDITAL N\u00ba 15\/2015<\/strong> referente \u00e0 Sele\u00e7\u00e3o de Monitores para o Curso de Engenharia Agron\u00f4mica.<\/p>\n<p><!--more--><\/p>\n<p>O Diretor Geral do Instituto Federal de Educa\u00e7\u00e3o, Ci\u00eancia e Tecnologia Baiano &#8211; IF Baiano &#8211; Campus Bom Jesus da Lapa, torna p\u00fablica a <em>retifica\u00e7\u00e3o do cronograma do Edital 15\/2015<\/em> que trata do processo de Sele\u00e7\u00e3o de Monitores Bolsistas para atuarem nos laborat\u00f3rios do curso superior Bacharelado em Engenharia Agron\u00f4mica.<\/p>\n<p><a href=\"http:\/\/www.ifbaiano.edu.br\/unidades\/lapa\/files\/2015\/11\/Retificacao-Cronograma-Monitoria-Agron.pdf\" title=\"Reticado Edital Monitoria Curso Agronomia\" target=\"_blank\"><strong>VEJA AQUI COMO FICOU O NOVO CRONOGRAMA!!!<\/strong><\/a><\/p>\n<hr>\n","protected":false},"excerpt":{"rendered":"<p>A Dire\u00e7\u00e3o Geral e Dire\u00e7\u00e3o Acad\u00eamica tornam p\u00fablico a RETIFICA\u00c7\u00c3O NO CRONOGRAMA DO EDITAL N\u00ba 15\/2015 referente \u00e0 Sele\u00e7\u00e3o de Monitores para o Curso de Engenharia Agron\u00f4mica.<\/p>\n","protected":false},"author":65,"featured_media":0,"comment_status":"open","ping_status":"open","sticky":false,"template":"","format":"standard","meta":[],"categories":[39,24],"tags":[],"_links":{"self":[{"href":"https:\/\/www.ifbaiano.edu.br\/unidades\/lapa\/wp-json\/wp\/v2\/posts\/4569"}],"collection":[{"href":"https:\/\/www.ifbaiano.edu.br\/unidades\/lapa\/wp-json\/wp\/v2\/posts"}],"about":[{"href":"https:\/\/www.ifbaiano.edu.br\/unidades\/lapa\/wp-json\/wp\/v2\/types\/post"}],"author":[{"embeddable":true,"href":"https:\/\/www.ifbaiano.edu.br\/unidades\/lapa\/wp-json\/wp\/v2\/users\/65"}],"replies":[{"embeddable":true,"href":"https:\/\/www.ifbaiano.edu.br\/unidades\/lapa\/wp-json\/wp\/v2\/comments?post=4569"}],"version-history":[{"count":22,"href":"https:\/\/www.ifbaiano.edu.br\/unidades\/lapa\/wp-json\/wp\/v2\/posts\/4569\/revisions"}],"predecessor-version":[{"id":4591,"href":"https:\/\/www.ifbaiano.edu.br\/unidades\/lapa\/wp-json\/wp\/v2\/posts\/4569\/revisions\/4591"}],"wp:attachment":[{"href":"https:\/\/www.ifbaiano.edu.br\/unidades\/lapa\/wp-json\/wp\/v2\/media?parent=4569"}],"wp:term":[{"taxonomy":"category","embeddable":true,"href":"https:\/\/www.ifbaiano.edu.br\/unidades\/lapa\/wp-json\/wp\/v2\/categories?post=4569"},{"taxonomy":"post_tag","embeddable":true,"href":"https:\/\/www.ifbaiano.edu.br\/unidades\/lapa\/wp-json\/wp\/v2\/tags?post=4569"}],"curies":[{"name":"wp","href":"https:\/\/api.w.org\/{rel}","templated":true}]}}