{"id":4605,"date":"2015-11-24T13:14:55","date_gmt":"2015-11-24T15:14:55","guid":{"rendered":"http:\/\/www.ifbaiano.edu.br\/unidades\/lapa\/?p=4605"},"modified":"2015-11-24T13:17:15","modified_gmt":"2015-11-24T15:17:15","slug":"publicada-a-lista-de-candidados-pre-selecionados-para-o-paise-2015-2","status":"publish","type":"post","link":"https:\/\/www.ifbaiano.edu.br\/unidades\/lapa\/2015\/11\/24\/publicada-a-lista-de-candidados-pre-selecionados-para-o-paise-2015-2\/","title":{"rendered":"Publicada Lista de Candidados Pr\u00e9-Selecionados para o PAISE 2015.2"},"content":{"rendered":"<p>A Comiss\u00e3o local da Pol\u00edtica de Assist\u00eancia Estudantil Publica a lista de candidatos pr\u00e9-selecionados para o Programa de Assist\u00eancia e Inclus\u00e3o Social Estudantil &#8211; PAISE 2015.2.<\/p>\n<p><!--more--><\/p>\n<p><a href=\"http:\/\/www.ifbaiano.edu.br\/unidades\/lapa\/files\/2015\/11\/Lista-de-pre-selecionados-PAISE-2015.2.pdf\" title=\"Publica\u00e7\u00e3o da Lista de Candidatos Pr\u00e9-Selecionados para o PAISE 2015.2\" target=\"_blank\"><strong>ACESSEM AQUI A LISTA!!!<\/strong><\/a><\/p>\n<hr>\n","protected":false},"excerpt":{"rendered":"<p>A Comiss\u00e3o local da Pol\u00edtica de Assist\u00eancia Estudantil Publica a lista de candidatos pr\u00e9-selecionados para o Programa de Assist\u00eancia e Inclus\u00e3o Social Estudantil &#8211; PAISE 2015.2.<\/p>\n","protected":false},"author":65,"featured_media":0,"comment_status":"open","ping_status":"open","sticky":false,"template":"","format":"standard","meta":[],"categories":[32,39,30,24],"tags":[],"_links":{"self":[{"href":"https:\/\/www.ifbaiano.edu.br\/unidades\/lapa\/wp-json\/wp\/v2\/posts\/4605"}],"collection":[{"href":"https:\/\/www.ifbaiano.edu.br\/unidades\/lapa\/wp-json\/wp\/v2\/posts"}],"about":[{"href":"https:\/\/www.ifbaiano.edu.br\/unidades\/lapa\/wp-json\/wp\/v2\/types\/post"}],"author":[{"embeddable":true,"href":"https:\/\/www.ifbaiano.edu.br\/unidades\/lapa\/wp-json\/wp\/v2\/users\/65"}],"replies":[{"embeddable":true,"href":"https:\/\/www.ifbaiano.edu.br\/unidades\/lapa\/wp-json\/wp\/v2\/comments?post=4605"}],"version-history":[{"count":8,"href":"https:\/\/www.ifbaiano.edu.br\/unidades\/lapa\/wp-json\/wp\/v2\/posts\/4605\/revisions"}],"predecessor-version":[{"id":4614,"href":"https:\/\/www.ifbaiano.edu.br\/unidades\/lapa\/wp-json\/wp\/v2\/posts\/4605\/revisions\/4614"}],"wp:attachment":[{"href":"https:\/\/www.ifbaiano.edu.br\/unidades\/lapa\/wp-json\/wp\/v2\/media?parent=4605"}],"wp:term":[{"taxonomy":"category","embeddable":true,"href":"https:\/\/www.ifbaiano.edu.br\/unidades\/lapa\/wp-json\/wp\/v2\/categories?post=4605"},{"taxonomy":"post_tag","embeddable":true,"href":"https:\/\/www.ifbaiano.edu.br\/unidades\/lapa\/wp-json\/wp\/v2\/tags?post=4605"}],"curies":[{"name":"wp","href":"https:\/\/api.w.org\/{rel}","templated":true}]}}