{"id":4668,"date":"2015-12-02T18:34:04","date_gmt":"2015-12-02T20:34:04","guid":{"rendered":"http:\/\/www.ifbaiano.edu.br\/unidades\/lapa\/?p=4668"},"modified":"2015-12-02T18:34:04","modified_gmt":"2015-12-02T20:34:04","slug":"convocacao-para-reuniao-do-grupo-de-teatro","status":"publish","type":"post","link":"https:\/\/www.ifbaiano.edu.br\/unidades\/lapa\/2015\/12\/02\/convocacao-para-reuniao-do-grupo-de-teatro\/","title":{"rendered":"Convoca\u00e7\u00e3o para reuni\u00e3o do Grupo de Teatro"},"content":{"rendered":"<p>Convocamos os candidatos selecionados para a primeira reuni\u00e3o extraordin\u00e1ria do Grupo de Teatro, que ocorrer\u00e1 no dia 07 de dezembro de 2015, em dois hor\u00e1rios:<\/p>\n<p><!--more--><\/p>\n<p><strong>MANH\u00c3<\/strong>: 9:30 \u00c0S 11:30<\/p>\n<p><strong>TARDE:<\/strong> 16:00 \u00e0s 17:50<\/p>\n<p><strong>LOCAL<\/strong>: Audit\u00f3rio do Campus<\/p>\n<p>Cumpre ressaltar que essa reuni\u00e3o \u00e9 extraordin\u00e1ria. As demais reuni\u00f5es acontecer\u00e3o normalmente \u00e0s sextas-feiras, conforme Edital de Sele\u00e7\u00e3o.<\/p>\n<p>&nbsp;<\/p>\n<p>Fonte: Coordena\u00e7\u00e3o do Projeto<\/p>\n","protected":false},"excerpt":{"rendered":"<p>Convocamos os candidatos selecionados para a primeira reuni\u00e3o extraordin\u00e1ria do Grupo de Teatro, que ocorrer\u00e1 no dia 07 de dezembro de 2015, em dois hor\u00e1rios:<\/p>\n","protected":false},"author":36,"featured_media":0,"comment_status":"open","ping_status":"open","sticky":false,"template":"","format":"standard","meta":[],"categories":[39],"tags":[],"_links":{"self":[{"href":"https:\/\/www.ifbaiano.edu.br\/unidades\/lapa\/wp-json\/wp\/v2\/posts\/4668"}],"collection":[{"href":"https:\/\/www.ifbaiano.edu.br\/unidades\/lapa\/wp-json\/wp\/v2\/posts"}],"about":[{"href":"https:\/\/www.ifbaiano.edu.br\/unidades\/lapa\/wp-json\/wp\/v2\/types\/post"}],"author":[{"embeddable":true,"href":"https:\/\/www.ifbaiano.edu.br\/unidades\/lapa\/wp-json\/wp\/v2\/users\/36"}],"replies":[{"embeddable":true,"href":"https:\/\/www.ifbaiano.edu.br\/unidades\/lapa\/wp-json\/wp\/v2\/comments?post=4668"}],"version-history":[{"count":2,"href":"https:\/\/www.ifbaiano.edu.br\/unidades\/lapa\/wp-json\/wp\/v2\/posts\/4668\/revisions"}],"predecessor-version":[{"id":4670,"href":"https:\/\/www.ifbaiano.edu.br\/unidades\/lapa\/wp-json\/wp\/v2\/posts\/4668\/revisions\/4670"}],"wp:attachment":[{"href":"https:\/\/www.ifbaiano.edu.br\/unidades\/lapa\/wp-json\/wp\/v2\/media?parent=4668"}],"wp:term":[{"taxonomy":"category","embeddable":true,"href":"https:\/\/www.ifbaiano.edu.br\/unidades\/lapa\/wp-json\/wp\/v2\/categories?post=4668"},{"taxonomy":"post_tag","embeddable":true,"href":"https:\/\/www.ifbaiano.edu.br\/unidades\/lapa\/wp-json\/wp\/v2\/tags?post=4668"}],"curies":[{"name":"wp","href":"https:\/\/api.w.org\/{rel}","templated":true}]}}