{"id":4930,"date":"2015-12-17T19:11:58","date_gmt":"2015-12-17T21:11:58","guid":{"rendered":"http:\/\/www.ifbaiano.edu.br\/unidades\/lapa\/?p=4930"},"modified":"2015-12-17T19:35:10","modified_gmt":"2015-12-17T21:35:10","slug":"campus-lapa-realiza-especial-de-natal","status":"publish","type":"post","link":"https:\/\/www.ifbaiano.edu.br\/unidades\/lapa\/2015\/12\/17\/campus-lapa-realiza-especial-de-natal\/","title":{"rendered":"Campus Lapa realiza Especial de Natal"},"content":{"rendered":"<p>Campus Lapa realiza Especial de Natal, com apresenta\u00e7\u00f5es musicais e teatrais. N\u00e3o fique de fora.<\/p>\n<p style=\"text-align: center\"><a href=\"http:\/\/www.ifbaiano.edu.br\/unidades\/lapa\/2015\/12\/17\/campus-lapa-realiza-especial-de-natal\/cartaznatal-2015\/\" rel=\"attachment wp-att-4955\"><img decoding=\"async\" loading=\"lazy\" class=\"aligncenter size-full wp-image-4955\" src=\"http:\/\/www.ifbaiano.edu.br\/unidades\/lapa\/files\/2015\/12\/CartazNatal-2015.png\" alt=\"\" width=\"620\" height=\"896\" srcset=\"https:\/\/www.ifbaiano.edu.br\/unidades\/lapa\/files\/2015\/12\/CartazNatal-2015.png 620w, https:\/\/www.ifbaiano.edu.br\/unidades\/lapa\/files\/2015\/12\/CartazNatal-2015-207x300.png 207w, https:\/\/www.ifbaiano.edu.br\/unidades\/lapa\/files\/2015\/12\/CartazNatal-2015-400x578.png 400w\" sizes=\"(max-width: 620px) 100vw, 620px\" \/><\/a><\/p>\n<p>&nbsp;<\/p>\n<p style=\"text-align: center\">\n<p><\/br><\/p>\n","protected":false},"excerpt":{"rendered":"<p>Campus Lapa realiza Especial de Natal, com apresenta\u00e7\u00f5es musicais e teatrais. N\u00e3o fique de fora. &nbsp;<\/p>\n","protected":false},"author":65,"featured_media":0,"comment_status":"open","ping_status":"open","sticky":false,"template":"","format":"standard","meta":[],"categories":[24,1],"tags":[],"_links":{"self":[{"href":"https:\/\/www.ifbaiano.edu.br\/unidades\/lapa\/wp-json\/wp\/v2\/posts\/4930"}],"collection":[{"href":"https:\/\/www.ifbaiano.edu.br\/unidades\/lapa\/wp-json\/wp\/v2\/posts"}],"about":[{"href":"https:\/\/www.ifbaiano.edu.br\/unidades\/lapa\/wp-json\/wp\/v2\/types\/post"}],"author":[{"embeddable":true,"href":"https:\/\/www.ifbaiano.edu.br\/unidades\/lapa\/wp-json\/wp\/v2\/users\/65"}],"replies":[{"embeddable":true,"href":"https:\/\/www.ifbaiano.edu.br\/unidades\/lapa\/wp-json\/wp\/v2\/comments?post=4930"}],"version-history":[{"count":33,"href":"https:\/\/www.ifbaiano.edu.br\/unidades\/lapa\/wp-json\/wp\/v2\/posts\/4930\/revisions"}],"predecessor-version":[{"id":4962,"href":"https:\/\/www.ifbaiano.edu.br\/unidades\/lapa\/wp-json\/wp\/v2\/posts\/4930\/revisions\/4962"}],"wp:attachment":[{"href":"https:\/\/www.ifbaiano.edu.br\/unidades\/lapa\/wp-json\/wp\/v2\/media?parent=4930"}],"wp:term":[{"taxonomy":"category","embeddable":true,"href":"https:\/\/www.ifbaiano.edu.br\/unidades\/lapa\/wp-json\/wp\/v2\/categories?post=4930"},{"taxonomy":"post_tag","embeddable":true,"href":"https:\/\/www.ifbaiano.edu.br\/unidades\/lapa\/wp-json\/wp\/v2\/tags?post=4930"}],"curies":[{"name":"wp","href":"https:\/\/api.w.org\/{rel}","templated":true}]}}