{"id":5018,"date":"2016-01-25T16:14:57","date_gmt":"2016-01-25T18:14:57","guid":{"rendered":"http:\/\/www.ifbaiano.edu.br\/unidades\/lapa\/?p=5018"},"modified":"2016-01-26T14:33:23","modified_gmt":"2016-01-26T16:33:23","slug":"nota-sobre-o-processo-seletivo-2016","status":"publish","type":"post","link":"https:\/\/www.ifbaiano.edu.br\/unidades\/lapa\/2016\/01\/25\/nota-sobre-o-processo-seletivo-2016\/","title":{"rendered":"Nota sobre o Processo Seletivo 2016: Resultado Final"},"content":{"rendered":"<p>Informamos aos candidatos que \u00a0a reitoria publicou o resultado final do Processo Seletivo 2016. Amanh\u00e3, dia 26 de janeiro de 2016, o Campus Bom Jesus da Lapa publicar\u00e1 o Edital de Matr\u00edculas, estabelecendo data e documentos necess\u00e1rios. Fiquem atentos!<br \/>\n<\/br><br \/>\n<a href=\"http:\/\/concurso.ifbaiano.edu.br\/portal\/discente20161\/wp-content\/uploads\/sites\/26\/2016\/01\/Of%C3%ADcio-Circular-01_2016.pdf\" target=\"_blank\">OF\u00cdCIO CIRCULAR: Lista Geral Final de classifica\u00e7\u00e3o<\/a><br \/>\n<\/br><br \/>\n<a href=\"http:\/\/concurso.ifbaiano.edu.br\/portal\/discente20161\/wp-content\/uploads\/sites\/26\/2016\/01\/BJL_Resultado-Final.pdf\" target=\"_blank\">Lista Geral Final de classifica\u00e7\u00e3o<\/a><\/p>\n<p>Fonte: Diretoria Acad\u00eamica<br \/>\n<\/hr>\n","protected":false},"excerpt":{"rendered":"<p>Informamos aos candidatos que \u00a0a reitoria publicou o resultado final do Processo Seletivo 2016. Amanh\u00e3, dia 26 de janeiro de 2016, o Campus Bom Jesus da Lapa publicar\u00e1 o Edital de Matr\u00edculas, estabelecendo data e documentos necess\u00e1rios. Fiquem atentos! OF\u00cdCIO CIRCULAR: Lista Geral Final de classifica\u00e7\u00e3o Lista Geral Final de classifica\u00e7\u00e3o Fonte: Diretoria Acad\u00eamica<\/p>\n","protected":false},"author":36,"featured_media":0,"comment_status":"open","ping_status":"open","sticky":false,"template":"","format":"standard","meta":[],"categories":[34,24],"tags":[],"_links":{"self":[{"href":"https:\/\/www.ifbaiano.edu.br\/unidades\/lapa\/wp-json\/wp\/v2\/posts\/5018"}],"collection":[{"href":"https:\/\/www.ifbaiano.edu.br\/unidades\/lapa\/wp-json\/wp\/v2\/posts"}],"about":[{"href":"https:\/\/www.ifbaiano.edu.br\/unidades\/lapa\/wp-json\/wp\/v2\/types\/post"}],"author":[{"embeddable":true,"href":"https:\/\/www.ifbaiano.edu.br\/unidades\/lapa\/wp-json\/wp\/v2\/users\/36"}],"replies":[{"embeddable":true,"href":"https:\/\/www.ifbaiano.edu.br\/unidades\/lapa\/wp-json\/wp\/v2\/comments?post=5018"}],"version-history":[{"count":8,"href":"https:\/\/www.ifbaiano.edu.br\/unidades\/lapa\/wp-json\/wp\/v2\/posts\/5018\/revisions"}],"predecessor-version":[{"id":5029,"href":"https:\/\/www.ifbaiano.edu.br\/unidades\/lapa\/wp-json\/wp\/v2\/posts\/5018\/revisions\/5029"}],"wp:attachment":[{"href":"https:\/\/www.ifbaiano.edu.br\/unidades\/lapa\/wp-json\/wp\/v2\/media?parent=5018"}],"wp:term":[{"taxonomy":"category","embeddable":true,"href":"https:\/\/www.ifbaiano.edu.br\/unidades\/lapa\/wp-json\/wp\/v2\/categories?post=5018"},{"taxonomy":"post_tag","embeddable":true,"href":"https:\/\/www.ifbaiano.edu.br\/unidades\/lapa\/wp-json\/wp\/v2\/tags?post=5018"}],"curies":[{"name":"wp","href":"https:\/\/api.w.org\/{rel}","templated":true}]}}