{"id":5063,"date":"2016-01-27T16:39:10","date_gmt":"2016-01-27T18:39:10","guid":{"rendered":"http:\/\/www.ifbaiano.edu.br\/unidades\/lapa\/?p=5063"},"modified":"2016-03-08T15:58:38","modified_gmt":"2016-03-08T17:58:38","slug":"campus-lapa-publica-o-edital-022016-aditamento-de-vagas-do-processo-seletivo-2016","status":"publish","type":"post","link":"https:\/\/www.ifbaiano.edu.br\/unidades\/lapa\/2016\/01\/27\/campus-lapa-publica-o-edital-022016-aditamento-de-vagas-do-processo-seletivo-2016\/","title":{"rendered":"Campus Lapa publica o Edital 02\/2016: aditamento de vagas do Processo Seletivo 2016"},"content":{"rendered":"<p>S\u00e3o mais 40 vagas para o curso Integrado de Agroecologia!<\/p>\n<p><!--more--><\/p>\n<p>A Dire\u00e7\u00e3o Acad\u00eamica do Campus Bom Jesus da Lapa torna p\u00fablica a publica\u00e7\u00e3o do Edital 02\/2016, que disp\u00f5e sobre o aditamento de vagas do Processo Seletivo 2016, para o curso T\u00e9cnico Integrado em Agroecologia. Ser\u00e3o aproveitados, da lista de aprovados do Processo Seletivo regido pelo Edital 66\/2016, 40 candidatos que optaram pelo referido curso. As matr\u00edculas referentes ao aditamento ser\u00e3o realizadas conforme Edital de Matr\u00edculas.<\/p>\n<p><a href=\"http:\/\/concurso.ifbaiano.edu.br\/portal\/discente20161\/wp-content\/uploads\/sites\/26\/2016\/01\/BJL_Edital-de-Aditamento-02-2016.pdf\">Acessem Aqui &#8211; Edital 02\/2016 &#8211; Aditamento de Vagas;<\/a><\/p>\n<p><a href=\"http:\/\/concurso.ifbaiano.edu.br\/portal\/discente20161\/wp-content\/uploads\/sites\/26\/2016\/01\/BJL_EDITAL-01-16-MATR%C3%8DCULA-BJL-2016.1-Cursos-Integrados.pdf\">Acessem Aqui &#8211; Edital de Matr\u00edculas\u00a0<\/a><\/p>\n<p>Fonte: Diretoria Acad\u00eamica &#8211; Campus Bom Jesus da Lapa<\/p>\n","protected":false},"excerpt":{"rendered":"<p>S\u00e3o mais 40 vagas para o curso Integrado de Agroecologia!<\/p>\n","protected":false},"author":36,"featured_media":0,"comment_status":"open","ping_status":"open","sticky":false,"template":"","format":"standard","meta":[],"categories":[39],"tags":[],"_links":{"self":[{"href":"https:\/\/www.ifbaiano.edu.br\/unidades\/lapa\/wp-json\/wp\/v2\/posts\/5063"}],"collection":[{"href":"https:\/\/www.ifbaiano.edu.br\/unidades\/lapa\/wp-json\/wp\/v2\/posts"}],"about":[{"href":"https:\/\/www.ifbaiano.edu.br\/unidades\/lapa\/wp-json\/wp\/v2\/types\/post"}],"author":[{"embeddable":true,"href":"https:\/\/www.ifbaiano.edu.br\/unidades\/lapa\/wp-json\/wp\/v2\/users\/36"}],"replies":[{"embeddable":true,"href":"https:\/\/www.ifbaiano.edu.br\/unidades\/lapa\/wp-json\/wp\/v2\/comments?post=5063"}],"version-history":[{"count":3,"href":"https:\/\/www.ifbaiano.edu.br\/unidades\/lapa\/wp-json\/wp\/v2\/posts\/5063\/revisions"}],"predecessor-version":[{"id":5065,"href":"https:\/\/www.ifbaiano.edu.br\/unidades\/lapa\/wp-json\/wp\/v2\/posts\/5063\/revisions\/5065"}],"wp:attachment":[{"href":"https:\/\/www.ifbaiano.edu.br\/unidades\/lapa\/wp-json\/wp\/v2\/media?parent=5063"}],"wp:term":[{"taxonomy":"category","embeddable":true,"href":"https:\/\/www.ifbaiano.edu.br\/unidades\/lapa\/wp-json\/wp\/v2\/categories?post=5063"},{"taxonomy":"post_tag","embeddable":true,"href":"https:\/\/www.ifbaiano.edu.br\/unidades\/lapa\/wp-json\/wp\/v2\/tags?post=5063"}],"curies":[{"name":"wp","href":"https:\/\/api.w.org\/{rel}","templated":true}]}}