{"id":5072,"date":"2016-01-29T11:26:03","date_gmt":"2016-01-29T13:26:03","guid":{"rendered":"http:\/\/www.ifbaiano.edu.br\/unidades\/lapa\/?p=5072"},"modified":"2016-01-29T11:30:28","modified_gmt":"2016-01-29T13:30:28","slug":"nota-sobre-matriculas-do-processo-seletivo-2016","status":"publish","type":"post","link":"https:\/\/www.ifbaiano.edu.br\/unidades\/lapa\/2016\/01\/29\/nota-sobre-matriculas-do-processo-seletivo-2016\/","title":{"rendered":"Nota sobre matr\u00edculas do Processo Seletivo 2016"},"content":{"rendered":"<p>A Dire\u00e7\u00e3o Acad\u00eamica comunica aos candidatos classificados no Processo Seletivo 2016 que a matr\u00edcula est\u00e1 condicionada \u00e0 apresenta\u00e7\u00e3o dos documentos relacionados no Edital 01\/2016. Assim sendo, um dos requisitos \u00e9 a apresenta\u00e7\u00e3o do RG.<\/p>\n<p><!--more--><\/p>\n<p><strong>Fonte<\/strong>: Dire\u00e7\u00e3o Acad\u00eamica &#8211; Campus Bom Jesus da Lapa<\/p>\n","protected":false},"excerpt":{"rendered":"<p>A Dire\u00e7\u00e3o Acad\u00eamica comunica aos candidatos classificados no Processo Seletivo 2016 que a matr\u00edcula est\u00e1 condicionada \u00e0 apresenta\u00e7\u00e3o dos documentos relacionados no Edital 01\/2016. Assim sendo, um dos requisitos \u00e9 a apresenta\u00e7\u00e3o do RG.<\/p>\n","protected":false},"author":36,"featured_media":0,"comment_status":"open","ping_status":"open","sticky":false,"template":"","format":"standard","meta":[],"categories":[30],"tags":[],"_links":{"self":[{"href":"https:\/\/www.ifbaiano.edu.br\/unidades\/lapa\/wp-json\/wp\/v2\/posts\/5072"}],"collection":[{"href":"https:\/\/www.ifbaiano.edu.br\/unidades\/lapa\/wp-json\/wp\/v2\/posts"}],"about":[{"href":"https:\/\/www.ifbaiano.edu.br\/unidades\/lapa\/wp-json\/wp\/v2\/types\/post"}],"author":[{"embeddable":true,"href":"https:\/\/www.ifbaiano.edu.br\/unidades\/lapa\/wp-json\/wp\/v2\/users\/36"}],"replies":[{"embeddable":true,"href":"https:\/\/www.ifbaiano.edu.br\/unidades\/lapa\/wp-json\/wp\/v2\/comments?post=5072"}],"version-history":[{"count":4,"href":"https:\/\/www.ifbaiano.edu.br\/unidades\/lapa\/wp-json\/wp\/v2\/posts\/5072\/revisions"}],"predecessor-version":[{"id":5075,"href":"https:\/\/www.ifbaiano.edu.br\/unidades\/lapa\/wp-json\/wp\/v2\/posts\/5072\/revisions\/5075"}],"wp:attachment":[{"href":"https:\/\/www.ifbaiano.edu.br\/unidades\/lapa\/wp-json\/wp\/v2\/media?parent=5072"}],"wp:term":[{"taxonomy":"category","embeddable":true,"href":"https:\/\/www.ifbaiano.edu.br\/unidades\/lapa\/wp-json\/wp\/v2\/categories?post=5072"},{"taxonomy":"post_tag","embeddable":true,"href":"https:\/\/www.ifbaiano.edu.br\/unidades\/lapa\/wp-json\/wp\/v2\/tags?post=5072"}],"curies":[{"name":"wp","href":"https:\/\/api.w.org\/{rel}","templated":true}]}}