{"id":5079,"date":"2016-02-03T12:56:07","date_gmt":"2016-02-03T14:56:07","guid":{"rendered":"http:\/\/www.ifbaiano.edu.br\/unidades\/lapa\/?p=5079"},"modified":"2016-02-03T12:59:36","modified_gmt":"2016-02-03T14:59:36","slug":"estacao-meteorologica","status":"publish","type":"post","link":"https:\/\/www.ifbaiano.edu.br\/unidades\/lapa\/2016\/02\/03\/estacao-meteorologica\/","title":{"rendered":"Esta\u00e7\u00e3o Meteorol\u00f3gica"},"content":{"rendered":"<p style=\"text-align: left\">Agora podemos acompanhar os <em>dados meteorol\u00f3gicos da nossa localidade<\/em>. Nossa esta\u00e7\u00e3o monitora o tempo, disponibilizando dados como temperatura, umidade do ar, \u00edndice pluviom\u00e9trico, etc.<\/p>\n<p><img decoding=\"async\" loading=\"lazy\" class=\"size-full wp-image-5080 alignnone\" src=\"http:\/\/www.ifbaiano.edu.br\/unidades\/lapa\/files\/2016\/02\/est-meteo.jpg\" alt=\"\" width=\"303\" height=\"300\" \/><\/p>\n<p style=\"text-align: left\"><a title=\"Tempo Agora\" href=\"http:\/\/177.91.97.196\/dadosestacaoifbaiano\/Current_Monitor.htm\" target=\"_blank\">Veja o Tempo Agora Aqui!!! <\/a><\/p>\n<p style=\"text-align: left\">Se preferir tamb\u00e9m clique na imagem com o texto: Tempo Agora, no menu esquerdo, abaixo da imagem do Portal de Egressos.<\/p>\n","protected":false},"excerpt":{"rendered":"<p>Agora podemos acompanhar os dados meteorol\u00f3gicos da nossa localidade. Nossa esta\u00e7\u00e3o monitora o tempo, disponibilizando dados como temperatura, umidade do ar, \u00edndice pluviom\u00e9trico, etc. Veja o Tempo Agora Aqui!!! Se preferir tamb\u00e9m clique na imagem com o texto: Tempo Agora, no menu esquerdo, abaixo da imagem do Portal de Egressos.<\/p>\n","protected":false},"author":65,"featured_media":0,"comment_status":"open","ping_status":"open","sticky":false,"template":"","format":"standard","meta":[],"categories":[24],"tags":[],"_links":{"self":[{"href":"https:\/\/www.ifbaiano.edu.br\/unidades\/lapa\/wp-json\/wp\/v2\/posts\/5079"}],"collection":[{"href":"https:\/\/www.ifbaiano.edu.br\/unidades\/lapa\/wp-json\/wp\/v2\/posts"}],"about":[{"href":"https:\/\/www.ifbaiano.edu.br\/unidades\/lapa\/wp-json\/wp\/v2\/types\/post"}],"author":[{"embeddable":true,"href":"https:\/\/www.ifbaiano.edu.br\/unidades\/lapa\/wp-json\/wp\/v2\/users\/65"}],"replies":[{"embeddable":true,"href":"https:\/\/www.ifbaiano.edu.br\/unidades\/lapa\/wp-json\/wp\/v2\/comments?post=5079"}],"version-history":[{"count":30,"href":"https:\/\/www.ifbaiano.edu.br\/unidades\/lapa\/wp-json\/wp\/v2\/posts\/5079\/revisions"}],"predecessor-version":[{"id":5111,"href":"https:\/\/www.ifbaiano.edu.br\/unidades\/lapa\/wp-json\/wp\/v2\/posts\/5079\/revisions\/5111"}],"wp:attachment":[{"href":"https:\/\/www.ifbaiano.edu.br\/unidades\/lapa\/wp-json\/wp\/v2\/media?parent=5079"}],"wp:term":[{"taxonomy":"category","embeddable":true,"href":"https:\/\/www.ifbaiano.edu.br\/unidades\/lapa\/wp-json\/wp\/v2\/categories?post=5079"},{"taxonomy":"post_tag","embeddable":true,"href":"https:\/\/www.ifbaiano.edu.br\/unidades\/lapa\/wp-json\/wp\/v2\/tags?post=5079"}],"curies":[{"name":"wp","href":"https:\/\/api.w.org\/{rel}","templated":true}]}}