{"id":5113,"date":"2016-02-03T16:10:18","date_gmt":"2016-02-03T18:10:18","guid":{"rendered":"http:\/\/www.ifbaiano.edu.br\/unidades\/lapa\/?p=5113"},"modified":"2016-03-08T15:12:03","modified_gmt":"2016-03-08T17:12:03","slug":"combate-ao-mosquito-transmissor-da-dengue-zika-e-chikungunya","status":"publish","type":"post","link":"https:\/\/www.ifbaiano.edu.br\/unidades\/lapa\/2016\/02\/03\/combate-ao-mosquito-transmissor-da-dengue-zika-e-chikungunya\/","title":{"rendered":"Combate ao mosquito transmissor da Dengue, Zika e Chikungunya"},"content":{"rendered":"<div>\n<p>O Institutos Federais de Educa\u00e7\u00e3o Profissional est\u00e3o mobilizados em prol do combate ao mosquito transmissor da Zika, Dengue e Chikungunya.<\/p>\n<p>Vamos fazer a nossa parte? Mobilize pessoas e ajude a promover a\u00e7\u00f5es para o combate dos focos do mosquito em sua localidade!<\/p>\n<p>Saiba mais sobre o assunto: <a href=\"http:\/\/combateaedes.saude.gov.br\/\" target=\"_blank\">http:\/\/combateaedes.saude.gov.br\/<\/a><\/p>\n<p><a href=\"http:\/\/www.ifbaiano.edu.br\/unidades\/lapa\/2016\/02\/03\/combate-ao-mosquito-transmissor-da-dengue-zika-e-chikungunya\/aedes-aegypti\/\" rel=\"attachment wp-att-5114\"><img decoding=\"async\" loading=\"lazy\" class=\"aligncenter size-full wp-image-5114\" src=\"http:\/\/www.ifbaiano.edu.br\/unidades\/lapa\/files\/2016\/02\/aedes-aegypti.jpg\" alt=\"\" width=\"600\" height=\"600\" srcset=\"https:\/\/www.ifbaiano.edu.br\/unidades\/lapa\/files\/2016\/02\/aedes-aegypti.jpg 600w, https:\/\/www.ifbaiano.edu.br\/unidades\/lapa\/files\/2016\/02\/aedes-aegypti-150x150.jpg 150w, https:\/\/www.ifbaiano.edu.br\/unidades\/lapa\/files\/2016\/02\/aedes-aegypti-300x300.jpg 300w, https:\/\/www.ifbaiano.edu.br\/unidades\/lapa\/files\/2016\/02\/aedes-aegypti-400x400.jpg 400w\" sizes=\"(max-width: 600px) 100vw, 600px\" \/><\/a><\/p>\n<p><a href=\"http:\/\/www.ifbaiano.edu.br\/unidades\/lapa\/2016\/02\/03\/combate-ao-mosquito-transmissor-da-dengue-zika-e-chikungunya\/medidas_principais_combate_mosquito\/\" rel=\"attachment wp-att-5115\"><img decoding=\"async\" loading=\"lazy\" class=\"aligncenter size-full wp-image-5115\" src=\"http:\/\/www.ifbaiano.edu.br\/unidades\/lapa\/files\/2016\/02\/medidas_principais_combate_mosquito.jpg\" alt=\"\" width=\"600\" height=\"851\" srcset=\"https:\/\/www.ifbaiano.edu.br\/unidades\/lapa\/files\/2016\/02\/medidas_principais_combate_mosquito.jpg 600w, https:\/\/www.ifbaiano.edu.br\/unidades\/lapa\/files\/2016\/02\/medidas_principais_combate_mosquito-211x300.jpg 211w, https:\/\/www.ifbaiano.edu.br\/unidades\/lapa\/files\/2016\/02\/medidas_principais_combate_mosquito-400x567.jpg 400w\" sizes=\"(max-width: 600px) 100vw, 600px\" \/><\/a><a href=\"http:\/\/www.ifbaiano.edu.br\/unidades\/lapa\/2016\/02\/03\/combate-ao-mosquito-transmissor-da-dengue-zika-e-chikungunya\/zika_zero_campanha\/\" rel=\"attachment wp-att-5116\"><img decoding=\"async\" loading=\"lazy\" class=\"aligncenter size-full wp-image-5116\" src=\"http:\/\/www.ifbaiano.edu.br\/unidades\/lapa\/files\/2016\/02\/zika_zero_campanha.jpg\" alt=\"\" width=\"600\" height=\"851\" srcset=\"https:\/\/www.ifbaiano.edu.br\/unidades\/lapa\/files\/2016\/02\/zika_zero_campanha.jpg 600w, https:\/\/www.ifbaiano.edu.br\/unidades\/lapa\/files\/2016\/02\/zika_zero_campanha-211x300.jpg 211w, https:\/\/www.ifbaiano.edu.br\/unidades\/lapa\/files\/2016\/02\/zika_zero_campanha-400x567.jpg 400w\" sizes=\"(max-width: 600px) 100vw, 600px\" \/><\/a><\/p>\n<\/div>\n","protected":false},"excerpt":{"rendered":"<p>O Institutos Federais de Educa\u00e7\u00e3o Profissional est\u00e3o mobilizados em prol do combate ao mosquito transmissor da Zika, Dengue e Chikungunya. Vamos fazer a nossa parte? Mobilize pessoas e ajude a promover a\u00e7\u00f5es para o combate dos focos do mosquito em sua localidade! Saiba mais sobre o assunto: http:\/\/combateaedes.saude.gov.br\/<\/p>\n","protected":false},"author":65,"featured_media":0,"comment_status":"open","ping_status":"open","sticky":false,"template":"","format":"standard","meta":[],"categories":[24],"tags":[],"_links":{"self":[{"href":"https:\/\/www.ifbaiano.edu.br\/unidades\/lapa\/wp-json\/wp\/v2\/posts\/5113"}],"collection":[{"href":"https:\/\/www.ifbaiano.edu.br\/unidades\/lapa\/wp-json\/wp\/v2\/posts"}],"about":[{"href":"https:\/\/www.ifbaiano.edu.br\/unidades\/lapa\/wp-json\/wp\/v2\/types\/post"}],"author":[{"embeddable":true,"href":"https:\/\/www.ifbaiano.edu.br\/unidades\/lapa\/wp-json\/wp\/v2\/users\/65"}],"replies":[{"embeddable":true,"href":"https:\/\/www.ifbaiano.edu.br\/unidades\/lapa\/wp-json\/wp\/v2\/comments?post=5113"}],"version-history":[{"count":16,"href":"https:\/\/www.ifbaiano.edu.br\/unidades\/lapa\/wp-json\/wp\/v2\/posts\/5113\/revisions"}],"predecessor-version":[{"id":5338,"href":"https:\/\/www.ifbaiano.edu.br\/unidades\/lapa\/wp-json\/wp\/v2\/posts\/5113\/revisions\/5338"}],"wp:attachment":[{"href":"https:\/\/www.ifbaiano.edu.br\/unidades\/lapa\/wp-json\/wp\/v2\/media?parent=5113"}],"wp:term":[{"taxonomy":"category","embeddable":true,"href":"https:\/\/www.ifbaiano.edu.br\/unidades\/lapa\/wp-json\/wp\/v2\/categories?post=5113"},{"taxonomy":"post_tag","embeddable":true,"href":"https:\/\/www.ifbaiano.edu.br\/unidades\/lapa\/wp-json\/wp\/v2\/tags?post=5113"}],"curies":[{"name":"wp","href":"https:\/\/api.w.org\/{rel}","templated":true}]}}