{"id":5133,"date":"2016-02-09T12:14:28","date_gmt":"2016-02-09T14:14:28","guid":{"rendered":"http:\/\/www.ifbaiano.edu.br\/unidades\/lapa\/?p=5133"},"modified":"2016-02-09T12:14:28","modified_gmt":"2016-02-09T14:14:28","slug":"aulas-do-pronatec-tem-inicio-no-dia-15-de-fevereiro","status":"publish","type":"post","link":"https:\/\/www.ifbaiano.edu.br\/unidades\/lapa\/2016\/02\/09\/aulas-do-pronatec-tem-inicio-no-dia-15-de-fevereiro\/","title":{"rendered":"Aulas do Pronatec t\u00eam in\u00edcio no dia 15 de fevereiro"},"content":{"rendered":"<p>Comunicamos \u00e0 comunidade acad\u00eamica que as aulas do II M\u00f3dulo do PRONATEC &#8211; Cursos de Assistente Administrativo e Agricultor Org\u00e2nico ter\u00e3o in\u00edcio no pr\u00f3ximo dia 15 de fevereiro, no turno de matr\u00edcula dos alunos.<\/p>\n<p>&nbsp;<\/p>\n","protected":false},"excerpt":{"rendered":"<p>Comunicamos \u00e0 comunidade acad\u00eamica que as aulas do II M\u00f3dulo do PRONATEC &#8211; Cursos de Assistente Administrativo e Agricultor Org\u00e2nico ter\u00e3o in\u00edcio no pr\u00f3ximo dia 15 de fevereiro, no turno de matr\u00edcula dos alunos. &nbsp;<\/p>\n","protected":false},"author":36,"featured_media":0,"comment_status":"open","ping_status":"open","sticky":false,"template":"","format":"standard","meta":[],"categories":[39],"tags":[],"_links":{"self":[{"href":"https:\/\/www.ifbaiano.edu.br\/unidades\/lapa\/wp-json\/wp\/v2\/posts\/5133"}],"collection":[{"href":"https:\/\/www.ifbaiano.edu.br\/unidades\/lapa\/wp-json\/wp\/v2\/posts"}],"about":[{"href":"https:\/\/www.ifbaiano.edu.br\/unidades\/lapa\/wp-json\/wp\/v2\/types\/post"}],"author":[{"embeddable":true,"href":"https:\/\/www.ifbaiano.edu.br\/unidades\/lapa\/wp-json\/wp\/v2\/users\/36"}],"replies":[{"embeddable":true,"href":"https:\/\/www.ifbaiano.edu.br\/unidades\/lapa\/wp-json\/wp\/v2\/comments?post=5133"}],"version-history":[{"count":1,"href":"https:\/\/www.ifbaiano.edu.br\/unidades\/lapa\/wp-json\/wp\/v2\/posts\/5133\/revisions"}],"predecessor-version":[{"id":5134,"href":"https:\/\/www.ifbaiano.edu.br\/unidades\/lapa\/wp-json\/wp\/v2\/posts\/5133\/revisions\/5134"}],"wp:attachment":[{"href":"https:\/\/www.ifbaiano.edu.br\/unidades\/lapa\/wp-json\/wp\/v2\/media?parent=5133"}],"wp:term":[{"taxonomy":"category","embeddable":true,"href":"https:\/\/www.ifbaiano.edu.br\/unidades\/lapa\/wp-json\/wp\/v2\/categories?post=5133"},{"taxonomy":"post_tag","embeddable":true,"href":"https:\/\/www.ifbaiano.edu.br\/unidades\/lapa\/wp-json\/wp\/v2\/tags?post=5133"}],"curies":[{"name":"wp","href":"https:\/\/api.w.org\/{rel}","templated":true}]}}