{"id":5135,"date":"2016-02-09T12:19:00","date_gmt":"2016-02-09T14:19:00","guid":{"rendered":"http:\/\/www.ifbaiano.edu.br\/unidades\/lapa\/?p=5135"},"modified":"2016-02-09T12:19:00","modified_gmt":"2016-02-09T14:19:00","slug":"inicio-das-aulas-do-ensino-medio-integrado","status":"publish","type":"post","link":"https:\/\/www.ifbaiano.edu.br\/unidades\/lapa\/2016\/02\/09\/inicio-das-aulas-do-ensino-medio-integrado\/","title":{"rendered":"In\u00edcio das aulas do Ensino M\u00e9dio Integrado"},"content":{"rendered":"<p>Comunicamos \u00e0 comunidade acad\u00eamica que as a aula inaugural do Ensino M\u00e9dio Integrado ser\u00e1 realizada no dia 29 de fevereiro de 2016, \u00e0s 8:00 horas, no Audit\u00f3rio do IF Baiano &#8211; Campus Bom Jesus da Lapa. Convidamos estudantes matriculados, pais e comunidade em geral para prestigiar esse momento salutar na hist\u00f3ria de nosso Campus.<\/p>\n<p>&nbsp;<\/p>\n<p>Fonte: Diretoria Acad\u00eamica<\/p>\n","protected":false},"excerpt":{"rendered":"<p>Comunicamos \u00e0 comunidade acad\u00eamica que as a aula inaugural do Ensino M\u00e9dio Integrado ser\u00e1 realizada no dia 29 de fevereiro de 2016, \u00e0s 8:00 horas, no Audit\u00f3rio do IF Baiano &#8211; Campus Bom Jesus da Lapa. Convidamos estudantes matriculados, pais e comunidade em geral para prestigiar esse momento salutar na hist\u00f3ria de nosso Campus. &nbsp; [&hellip;]<\/p>\n","protected":false},"author":36,"featured_media":0,"comment_status":"open","ping_status":"open","sticky":false,"template":"","format":"standard","meta":[],"categories":[1],"tags":[],"_links":{"self":[{"href":"https:\/\/www.ifbaiano.edu.br\/unidades\/lapa\/wp-json\/wp\/v2\/posts\/5135"}],"collection":[{"href":"https:\/\/www.ifbaiano.edu.br\/unidades\/lapa\/wp-json\/wp\/v2\/posts"}],"about":[{"href":"https:\/\/www.ifbaiano.edu.br\/unidades\/lapa\/wp-json\/wp\/v2\/types\/post"}],"author":[{"embeddable":true,"href":"https:\/\/www.ifbaiano.edu.br\/unidades\/lapa\/wp-json\/wp\/v2\/users\/36"}],"replies":[{"embeddable":true,"href":"https:\/\/www.ifbaiano.edu.br\/unidades\/lapa\/wp-json\/wp\/v2\/comments?post=5135"}],"version-history":[{"count":2,"href":"https:\/\/www.ifbaiano.edu.br\/unidades\/lapa\/wp-json\/wp\/v2\/posts\/5135\/revisions"}],"predecessor-version":[{"id":5137,"href":"https:\/\/www.ifbaiano.edu.br\/unidades\/lapa\/wp-json\/wp\/v2\/posts\/5135\/revisions\/5137"}],"wp:attachment":[{"href":"https:\/\/www.ifbaiano.edu.br\/unidades\/lapa\/wp-json\/wp\/v2\/media?parent=5135"}],"wp:term":[{"taxonomy":"category","embeddable":true,"href":"https:\/\/www.ifbaiano.edu.br\/unidades\/lapa\/wp-json\/wp\/v2\/categories?post=5135"},{"taxonomy":"post_tag","embeddable":true,"href":"https:\/\/www.ifbaiano.edu.br\/unidades\/lapa\/wp-json\/wp\/v2\/tags?post=5135"}],"curies":[{"name":"wp","href":"https:\/\/api.w.org\/{rel}","templated":true}]}}