{"id":5143,"date":"2016-02-15T18:18:16","date_gmt":"2016-02-15T20:18:16","guid":{"rendered":"http:\/\/www.ifbaiano.edu.br\/unidades\/lapa\/?p=5143"},"modified":"2016-02-15T18:18:16","modified_gmt":"2016-02-15T20:18:16","slug":"segunda-chamada-de-matriculas-do-processo-seletivo-2016-1","status":"publish","type":"post","link":"https:\/\/www.ifbaiano.edu.br\/unidades\/lapa\/2016\/02\/15\/segunda-chamada-de-matriculas-do-processo-seletivo-2016-1\/","title":{"rendered":"SEGUNDA CHAMADA de Matr\u00edculas do Processo Seletivo 2016.1"},"content":{"rendered":"<p>Campus Bom Jesus da Lapa publica <strong>SEGUNDA CHAMADA<\/strong> de Matr\u00edculas dos aprovados no <span style=\"text-decoration: underline\">Processo Seletivo 2016.1<\/span>.<\/p>\n<p><a title=\"Segunda Chamada de Matr\u00edculas\" href=\"http:\/\/www.ifbaiano.edu.br\/unidades\/lapa\/files\/2016\/02\/SEG-CHAM-MAT-PROC-SEL-2016.1.pdf\" target=\"_blank\">ACESSE AQUI A SEGUNDA CHAMADA!!!<\/a><\/p>\n<p>Aten\u00e7\u00e3o para as datas e documentos necess\u00e1rios!<\/p>\n<p><strong>Fonte:<\/strong> Dire\u00e7\u00e3o Acad\u00eamica \u2013 <em>Campus<\/em> Bom Jesus da Lapa<\/p>\n","protected":false},"excerpt":{"rendered":"<p>Campus Bom Jesus da Lapa publica SEGUNDA CHAMADA de Matr\u00edculas dos aprovados no Processo Seletivo 2016.1. ACESSE AQUI A SEGUNDA CHAMADA!!! Aten\u00e7\u00e3o para as datas e documentos necess\u00e1rios! Fonte: Dire\u00e7\u00e3o Acad\u00eamica \u2013 Campus Bom Jesus da Lapa<\/p>\n","protected":false},"author":65,"featured_media":0,"comment_status":"open","ping_status":"open","sticky":false,"template":"","format":"standard","meta":[],"categories":[34,24],"tags":[],"_links":{"self":[{"href":"https:\/\/www.ifbaiano.edu.br\/unidades\/lapa\/wp-json\/wp\/v2\/posts\/5143"}],"collection":[{"href":"https:\/\/www.ifbaiano.edu.br\/unidades\/lapa\/wp-json\/wp\/v2\/posts"}],"about":[{"href":"https:\/\/www.ifbaiano.edu.br\/unidades\/lapa\/wp-json\/wp\/v2\/types\/post"}],"author":[{"embeddable":true,"href":"https:\/\/www.ifbaiano.edu.br\/unidades\/lapa\/wp-json\/wp\/v2\/users\/65"}],"replies":[{"embeddable":true,"href":"https:\/\/www.ifbaiano.edu.br\/unidades\/lapa\/wp-json\/wp\/v2\/comments?post=5143"}],"version-history":[{"count":5,"href":"https:\/\/www.ifbaiano.edu.br\/unidades\/lapa\/wp-json\/wp\/v2\/posts\/5143\/revisions"}],"predecessor-version":[{"id":5149,"href":"https:\/\/www.ifbaiano.edu.br\/unidades\/lapa\/wp-json\/wp\/v2\/posts\/5143\/revisions\/5149"}],"wp:attachment":[{"href":"https:\/\/www.ifbaiano.edu.br\/unidades\/lapa\/wp-json\/wp\/v2\/media?parent=5143"}],"wp:term":[{"taxonomy":"category","embeddable":true,"href":"https:\/\/www.ifbaiano.edu.br\/unidades\/lapa\/wp-json\/wp\/v2\/categories?post=5143"},{"taxonomy":"post_tag","embeddable":true,"href":"https:\/\/www.ifbaiano.edu.br\/unidades\/lapa\/wp-json\/wp\/v2\/tags?post=5143"}],"curies":[{"name":"wp","href":"https:\/\/api.w.org\/{rel}","templated":true}]}}