{"id":5167,"date":"2016-02-24T16:52:16","date_gmt":"2016-02-24T18:52:16","guid":{"rendered":"http:\/\/www.ifbaiano.edu.br\/unidades\/lapa\/?p=5167"},"modified":"2016-02-24T17:02:22","modified_gmt":"2016-02-24T19:02:22","slug":"informacoes-editais-de-bolsas-cnpq-e-fapesb","status":"publish","type":"post","link":"https:\/\/www.ifbaiano.edu.br\/unidades\/lapa\/2016\/02\/24\/informacoes-editais-de-bolsas-cnpq-e-fapesb\/","title":{"rendered":"Informa\u00e7\u00f5es Editais de bolsas CNPq e FAPESB"},"content":{"rendered":"<p>O <strong>IF Baiano<\/strong>, por meio da Pr\u00f3-Reitoria de Pesquisa e Inova\u00e7\u00e3o (<strong>Propes<\/strong>)<em> lan\u00e7ou<\/em> no dia 15 de fevereiro <span style=\"text-decoration: underline\">tr\u00eas editais de Pesquisa vinculados ao<\/span> <strong><a title=\"cnpq\" href=\"http:\/\/cnpq.br\/\" target=\"_blank\">CNPq<\/a><\/strong> para estudantes interessados em <span style=\"text-decoration: underline\">Inicia\u00e7\u00e3o Cient\u00edfica e Inicia\u00e7\u00e3o Cient\u00edfica J\u00fanior<\/span>.<!--more--> O prazo para envio de <em>propostas estar\u00e1 aberto at\u00e9 o dia 15 de mar\u00e7o<\/em>. Ao todo ser\u00e3o<strong> 43 bolsas<\/strong>, com <strong>dura\u00e7\u00e3o de 12 meses<\/strong>, distribu\u00eddas em tr\u00eas modalidades: <strong>Inicia\u00e7\u00e3o Cient\u00edfica (Chamada n\u00ba 01\/2016), Inicia\u00e7\u00e3o Cient\u00edfica Jr. (Chamada n\u00ba 02\/2016) e Inicia\u00e7\u00e3o Tecnol\u00f3gica (Chamada n\u00ba 03\/2016)<\/strong>.<\/p>\n<p>Podem participar estudantes matriculados na <em>gradua\u00e7\u00e3o, PROEJA, T\u00e9cnico Subsequente ou Integrado do IF Baiano<\/em>. As bolsas de Inicia\u00e7\u00e3o Cient\u00edfica e de Inova\u00e7\u00e3o Tecnol\u00f3gica s\u00e3o destinadas aos graduandos e a bolsa mensal \u00e9 de R$ 400,00. A bolsa de Inicia\u00e7\u00e3o Cient\u00edfica Jr., para estudantes de n\u00edvel m\u00e9dio, tem o valor mensal de R$100,00.<\/p>\n<p><span style=\"text-decoration: underline\">Clique na imagem abaixo e veja os editais.<\/span><\/p>\n<p><a href=\"http:\/\/www.ifbaiano.edu.br\/reitoria\/index.php\/lancadas-chamadas-de-iniciacao-cientifica-e-tecnologica-vinculadas-ao-cnpq\/\" target=\"_blank\"><img decoding=\"async\" loading=\"lazy\" class=\"alignleft\" style=\"border: 1px solid black\" src=\"http:\/\/www.ifbaiano.edu.br\/reitoria\/wp-content\/uploads\/2015\/12\/banner_chamada-de-bolsas-23-12-2015.png\" alt=\"\" width=\"656\" height=\"241\" \/><\/a><\/p>\n<p>&nbsp;<\/p>\n<p>&nbsp;<\/p>\n<p>&nbsp;<\/p>\n<p>&nbsp;<\/p>\n<p>&nbsp;<\/p>\n<p>&nbsp;<\/p>\n<p>&nbsp;<\/p>\n<p>&nbsp;<\/p>\n<p>&nbsp;<\/p>\n<p>Al\u00e9m dos que est\u00e3o em andamento, no dia <span style=\"text-decoration: underline\">08 de mar\u00e7o ser\u00e1 lan\u00e7ado um novo edital (chamada n\u00b0 04\/2016) vinculado \u00e0<\/span> <a title=\"fabesb\" href=\"http:\/\/www.fapesb.ba.gov.br\/\" target=\"_blank\"><strong>FAPESB<\/strong><\/a>, com prazo para envio de <em>Projetos at\u00e9 o dia a 04 de abril<\/em>. Poder\u00e3o concorrer \u00e0s bolsas estudantes matriculados em cursos de gradua\u00e7\u00e3o no IF Baiano, cursando a partir do segundo semestre. Ser\u00e3o <strong>12 bolsas<\/strong> de Inicia\u00e7\u00e3o Cient\u00edfica com valor mensal de R$ 400,00, destinadas ao per\u00edodo de agosto de 2016 a julho de 2017.<\/p>\n<p><span style=\"text-decoration: underline\">Clique na imagem abaixo e veja mais informa\u00e7\u00f5es.<\/span><\/p>\n<p><a href=\"http:\/\/www.ifbaiano.edu.br\/reitoria\/index.php\/programa-if-baianofapesb-seleciona-bolsistas-de-iniciacao-cientifica\/\" target=\"_blank\"><img decoding=\"async\" loading=\"lazy\" class=\"alignleft\" style=\"border: 1px solid black\" src=\"http:\/\/www.ifbaiano.edu.br\/reitoria\/wp-content\/uploads\/2016\/02\/fapesb-if-baiano-banner.png\" alt=\"\" width=\"656\" height=\"241\" \/><\/a><\/p>\n<p>&nbsp;<\/p>\n<p>&nbsp;<\/p>\n<p>&nbsp;<\/p>\n<p>&nbsp;<\/p>\n<p>&nbsp;<\/p>\n<p>&nbsp;<\/p>\n<p>&nbsp;<\/p>\n<p>&nbsp;<\/p>\n<p>&nbsp;<\/p>\n<p>Os alunos interessados podem procurar a Coordena\u00e7\u00e3o de Pesquisa do Campus para maiores informa\u00e7\u00f5es.<\/p>\n<p><strong>Fonte:<\/strong> <span style=\"text-decoration: underline\">Coordena\u00e7\u00e3o de Pesquisa<\/span><\/p>\n<p>&nbsp;<\/p>\n","protected":false},"excerpt":{"rendered":"<p>O IF Baiano, por meio da Pr\u00f3-Reitoria de Pesquisa e Inova\u00e7\u00e3o (Propes) lan\u00e7ou no dia 15 de fevereiro tr\u00eas editais de Pesquisa vinculados ao CNPq para estudantes interessados em Inicia\u00e7\u00e3o Cient\u00edfica e Inicia\u00e7\u00e3o Cient\u00edfica J\u00fanior.<\/p>\n","protected":false},"author":65,"featured_media":0,"comment_status":"open","ping_status":"open","sticky":false,"template":"","format":"standard","meta":[],"categories":[39,40],"tags":[],"_links":{"self":[{"href":"https:\/\/www.ifbaiano.edu.br\/unidades\/lapa\/wp-json\/wp\/v2\/posts\/5167"}],"collection":[{"href":"https:\/\/www.ifbaiano.edu.br\/unidades\/lapa\/wp-json\/wp\/v2\/posts"}],"about":[{"href":"https:\/\/www.ifbaiano.edu.br\/unidades\/lapa\/wp-json\/wp\/v2\/types\/post"}],"author":[{"embeddable":true,"href":"https:\/\/www.ifbaiano.edu.br\/unidades\/lapa\/wp-json\/wp\/v2\/users\/65"}],"replies":[{"embeddable":true,"href":"https:\/\/www.ifbaiano.edu.br\/unidades\/lapa\/wp-json\/wp\/v2\/comments?post=5167"}],"version-history":[{"count":35,"href":"https:\/\/www.ifbaiano.edu.br\/unidades\/lapa\/wp-json\/wp\/v2\/posts\/5167\/revisions"}],"predecessor-version":[{"id":5200,"href":"https:\/\/www.ifbaiano.edu.br\/unidades\/lapa\/wp-json\/wp\/v2\/posts\/5167\/revisions\/5200"}],"wp:attachment":[{"href":"https:\/\/www.ifbaiano.edu.br\/unidades\/lapa\/wp-json\/wp\/v2\/media?parent=5167"}],"wp:term":[{"taxonomy":"category","embeddable":true,"href":"https:\/\/www.ifbaiano.edu.br\/unidades\/lapa\/wp-json\/wp\/v2\/categories?post=5167"},{"taxonomy":"post_tag","embeddable":true,"href":"https:\/\/www.ifbaiano.edu.br\/unidades\/lapa\/wp-json\/wp\/v2\/tags?post=5167"}],"curies":[{"name":"wp","href":"https:\/\/api.w.org\/{rel}","templated":true}]}}