{"id":5203,"date":"2016-02-25T10:40:28","date_gmt":"2016-02-25T12:40:28","guid":{"rendered":"http:\/\/www.ifbaiano.edu.br\/unidades\/lapa\/?p=5203"},"modified":"2016-02-25T10:40:28","modified_gmt":"2016-02-25T12:40:28","slug":"quarta-chamada-de-matriculas-processo-seletivo-2016-1","status":"publish","type":"post","link":"https:\/\/www.ifbaiano.edu.br\/unidades\/lapa\/2016\/02\/25\/quarta-chamada-de-matriculas-processo-seletivo-2016-1\/","title":{"rendered":"QUARTA Chamada de Matr\u00edculas &#8211; Processo Seletivo 2016.1"},"content":{"rendered":"<p>A Dire\u00e7\u00e3o Geral do Campus Bom Jesus da Lapa <em>torna p\u00fablica<\/em> a <strong>QUARTA CHAMADA<\/strong> de matr\u00edculas referente ao <span style=\"text-decoration: underline\">processo seletivo 2016<\/span>.<!--more--><\/p>\n<p><a title=\"QUARTA Chamada de Matr\u00edculas - Processo Seletivo 2016.1\" href=\"http:\/\/www.ifbaiano.edu.br\/unidades\/lapa\/files\/2016\/02\/QUARTA-CHAM-PRO-SEL-2016.1.pdf\" target=\"_blank\"><strong>ACESSEM A LISTA AQUI!<\/strong><\/a><\/p>\n<p><strong><span style=\"text-decoration: underline\">DOCUMENTA\u00c7\u00c3O NECESS\u00c1RIA:<\/span><\/strong><\/p>\n<p>No ato da matr\u00edcula, o candidato dever\u00e1<span style=\"text-decoration: underline\"> <em>preencher a ficha de cadastro fornecida pela SRA<\/em><\/span> e o <span style=\"text-decoration: underline\"><em>Question\u00e1rio Socioecon\u00f4mico<\/em><\/span> e apresentar <span style=\"text-decoration: underline\"><em>original e c\u00f3pia dos seguintes documentos<\/em><\/span>:<\/p>\n<p>a) Hist\u00f3rico Escolar do Ensino Fundamental e\/ou Declara\u00e7\u00e3o (provisoriamente), emitido por Institui\u00e7\u00e3o Oficial de Ensino;<\/p>\n<p>b) Carteira de Identidade &#8211; RG e Cadastro de Pessoa F\u00edsica &#8211; CPF;<\/p>\n<p>c) Certid\u00e3o de Nascimento;<\/p>\n<p>d) T\u00edtulo de Eleitor e Certid\u00e3o de Quita\u00e7\u00e3o Eleitoral, para maiores de 18 anos (solicitar no cart\u00f3rio eleitoral ou no site: <a title=\"TRE-BA\" href=\"http:\/\/www.tre-ba.gov.br\/\" target=\"_blank\">www.tre-ba.gov.br<\/a>).<\/p>\n<p>e) Documento comprobat\u00f3rio de regularidade com o Servi\u00e7o Militar, para os alunos a partir dos 18 (dezoito) anos do sexo masculino;<\/p>\n<p>f) Procura\u00e7\u00e3o com firma reconhecida, quando a matr\u00edcula for efetuada por terceiros;<\/p>\n<p>g) Comprovante de Resid\u00eancia;<\/p>\n<p>h) 06 (seis) fotos 3&#215;4 iguais e recentes;<\/p>\n<p>i) CPF e RG dos respons\u00e1veis pelos menores de 18 (dezoito anos);<\/p>\n<p>j) Certifica\u00e7\u00e3o de Conclus\u00e3o do Ensino M\u00e9dio com base nas notas do Exame Nacional do Ensino M\u00e9dio \u2013 ENEM, se for o caso.<\/p>\n<p><strong>Fonte:<\/strong> Diretoria Acad\u00eamica<\/p>\n","protected":false},"excerpt":{"rendered":"<p>A Dire\u00e7\u00e3o Geral do Campus Bom Jesus da Lapa torna p\u00fablica a QUARTA CHAMADA de matr\u00edculas referente ao processo seletivo 2016.<\/p>\n","protected":false},"author":65,"featured_media":0,"comment_status":"open","ping_status":"open","sticky":false,"template":"","format":"standard","meta":[],"categories":[39,24],"tags":[],"_links":{"self":[{"href":"https:\/\/www.ifbaiano.edu.br\/unidades\/lapa\/wp-json\/wp\/v2\/posts\/5203"}],"collection":[{"href":"https:\/\/www.ifbaiano.edu.br\/unidades\/lapa\/wp-json\/wp\/v2\/posts"}],"about":[{"href":"https:\/\/www.ifbaiano.edu.br\/unidades\/lapa\/wp-json\/wp\/v2\/types\/post"}],"author":[{"embeddable":true,"href":"https:\/\/www.ifbaiano.edu.br\/unidades\/lapa\/wp-json\/wp\/v2\/users\/65"}],"replies":[{"embeddable":true,"href":"https:\/\/www.ifbaiano.edu.br\/unidades\/lapa\/wp-json\/wp\/v2\/comments?post=5203"}],"version-history":[{"count":13,"href":"https:\/\/www.ifbaiano.edu.br\/unidades\/lapa\/wp-json\/wp\/v2\/posts\/5203\/revisions"}],"predecessor-version":[{"id":5217,"href":"https:\/\/www.ifbaiano.edu.br\/unidades\/lapa\/wp-json\/wp\/v2\/posts\/5203\/revisions\/5217"}],"wp:attachment":[{"href":"https:\/\/www.ifbaiano.edu.br\/unidades\/lapa\/wp-json\/wp\/v2\/media?parent=5203"}],"wp:term":[{"taxonomy":"category","embeddable":true,"href":"https:\/\/www.ifbaiano.edu.br\/unidades\/lapa\/wp-json\/wp\/v2\/categories?post=5203"},{"taxonomy":"post_tag","embeddable":true,"href":"https:\/\/www.ifbaiano.edu.br\/unidades\/lapa\/wp-json\/wp\/v2\/tags?post=5203"}],"curies":[{"name":"wp","href":"https:\/\/api.w.org\/{rel}","templated":true}]}}