{"id":5219,"date":"2016-02-27T21:27:49","date_gmt":"2016-02-27T23:27:49","guid":{"rendered":"http:\/\/www.ifbaiano.edu.br\/unidades\/lapa\/?p=5219"},"modified":"2016-02-27T21:33:41","modified_gmt":"2016-02-27T23:33:41","slug":"convite-para-aula-inaugural-cursos-integrados","status":"publish","type":"post","link":"https:\/\/www.ifbaiano.edu.br\/unidades\/lapa\/2016\/02\/27\/convite-para-aula-inaugural-cursos-integrados\/","title":{"rendered":"Convite para Aula Inaugural &#8211; Cursos Integrados"},"content":{"rendered":"<p>Aula Inaugural acontece no Audit\u00f3rio do Campus, \u00e0s 8:00 horas, do dia 29 de fevereiro de 2016. Participem!<\/p>\n<p>As Prefeituras de Serra do Ramalho e Bom Jesus da Lapa oferecem \u00f4nibus exclusivo para estudantes. Em Bom Jesus da Lapa, o \u00f4nibus sair\u00e1 \u00e0s 6:50 em frente \u00e0 UNEB, passando pela Catedral e pela Escola Municipal Paulo Freire. Em Serra do Ramalho, o estudante precisa procurar a Secretaria de Educa\u00e7\u00e3o para solicitar carteirinhas.<\/p>\n<p>&nbsp;<\/p>\n<p><a href=\"http:\/\/www.ifbaiano.edu.br\/unidades\/lapa\/files\/2016\/02\/12728905_510655269106359_3440381016719375493_n.png\"><img decoding=\"async\" loading=\"lazy\" src=\"http:\/\/www.ifbaiano.edu.br\/unidades\/lapa\/files\/2016\/02\/12728905_510655269106359_3440381016719375493_n.png\" alt=\"\" width=\"480\" height=\"361\" \/><\/a><\/p>\n<p>&nbsp;<\/p>\n","protected":false},"excerpt":{"rendered":"<p>Aula Inaugural acontece no Audit\u00f3rio do Campus, \u00e0s 8:00 horas, do dia 29 de fevereiro de 2016. Participem! As Prefeituras de Serra do Ramalho e Bom Jesus da Lapa oferecem \u00f4nibus exclusivo para estudantes. Em Bom Jesus da Lapa, o \u00f4nibus sair\u00e1 \u00e0s 6:50 em frente \u00e0 UNEB, passando pela Catedral e pela Escola Municipal [&hellip;]<\/p>\n","protected":false},"author":36,"featured_media":0,"comment_status":"open","ping_status":"open","sticky":false,"template":"","format":"standard","meta":[],"categories":[1],"tags":[],"_links":{"self":[{"href":"https:\/\/www.ifbaiano.edu.br\/unidades\/lapa\/wp-json\/wp\/v2\/posts\/5219"}],"collection":[{"href":"https:\/\/www.ifbaiano.edu.br\/unidades\/lapa\/wp-json\/wp\/v2\/posts"}],"about":[{"href":"https:\/\/www.ifbaiano.edu.br\/unidades\/lapa\/wp-json\/wp\/v2\/types\/post"}],"author":[{"embeddable":true,"href":"https:\/\/www.ifbaiano.edu.br\/unidades\/lapa\/wp-json\/wp\/v2\/users\/36"}],"replies":[{"embeddable":true,"href":"https:\/\/www.ifbaiano.edu.br\/unidades\/lapa\/wp-json\/wp\/v2\/comments?post=5219"}],"version-history":[{"count":5,"href":"https:\/\/www.ifbaiano.edu.br\/unidades\/lapa\/wp-json\/wp\/v2\/posts\/5219\/revisions"}],"predecessor-version":[{"id":5225,"href":"https:\/\/www.ifbaiano.edu.br\/unidades\/lapa\/wp-json\/wp\/v2\/posts\/5219\/revisions\/5225"}],"wp:attachment":[{"href":"https:\/\/www.ifbaiano.edu.br\/unidades\/lapa\/wp-json\/wp\/v2\/media?parent=5219"}],"wp:term":[{"taxonomy":"category","embeddable":true,"href":"https:\/\/www.ifbaiano.edu.br\/unidades\/lapa\/wp-json\/wp\/v2\/categories?post=5219"},{"taxonomy":"post_tag","embeddable":true,"href":"https:\/\/www.ifbaiano.edu.br\/unidades\/lapa\/wp-json\/wp\/v2\/tags?post=5219"}],"curies":[{"name":"wp","href":"https:\/\/api.w.org\/{rel}","templated":true}]}}