{"id":5231,"date":"2016-02-27T21:48:18","date_gmt":"2016-02-27T23:48:18","guid":{"rendered":"http:\/\/www.ifbaiano.edu.br\/unidades\/lapa\/?p=5231"},"modified":"2016-03-03T15:08:05","modified_gmt":"2016-03-03T17:08:05","slug":"campus-bom-jesus-da-lapa-participa-do-projeto-encantos-da-bacia","status":"publish","type":"post","link":"https:\/\/www.ifbaiano.edu.br\/unidades\/lapa\/2016\/02\/27\/campus-bom-jesus-da-lapa-participa-do-projeto-encantos-da-bacia\/","title":{"rendered":"Campus Bom Jesus da Lapa participa do Projeto Encantos da Bacia"},"content":{"rendered":"<p>Aprovado pelo Edital Agita\u00e7\u00e3o Cultural &#8211; Dinamiza\u00e7\u00e3o em Espa\u00e7os Culturais da SECULT\/BA, tendo como proponente o artista Cl\u00e9ber Edu\u00e3o,\u00a0O Projeto Encantos da Bacia se prop\u00f5e a realizar uma s\u00edntese cultural da Bacia do Rio S\u00e3o Francisco, congregando artistas e comunidade em um espa\u00e7o de fortalecimento e valoriza\u00e7\u00e3o da cultura musical.<\/p>\n<p><!--more--><\/p>\n<p>Objetiva contribuir com o fortalecimento e divulga\u00e7\u00e3o da m\u00fasica produzida no Vale do S\u00e3o Francisco (Velho Chico);\u00a0Possibilitar momentos de forma\u00e7\u00e3o inicial\/continuada com m\u00fasicos, grupos e compositores\/as na \u00e1rea de elabora\u00e7\u00e3o e gest\u00e3o de projetos;\u00a0Contribuir com\u00a0o mapeamento musical da regi\u00e3o;\u00a0Possibilitar acesso da popula\u00e7\u00e3o \u00e0 m\u00fasica produzida no Vale do S\u00e3o Francisco;\u00a0Realizar oficinas sobre \u201cM\u00fasica e Educa\u00e7\u00e3o do Campo\u201d com educadores\/as e compositores\/as da regi\u00e3o;\u00a0Realizar Mostras Musicais \u201cEnCantos da Bacia\u201d com m\u00fasicos, grupos e compositores\/as do Vale do S\u00e3o Francisco, contribuindo para a dinamiza\u00e7\u00e3o de espa\u00e7os culturais.<\/p>\n<p>Ser\u00e3o tr\u00eas etapas, nos meses de mar\u00e7o, abril e maio de 2016. Abaixo, apresentamos a programa\u00e7\u00e3o para o m\u00eas de mar\u00e7o. Maiores informa\u00e7\u00f5es poder\u00e3o ser obtidas no site:\u00a0http:\/\/clebereduao2016enc.wix.com\/encantosdabacia.<\/p>\n<p>&nbsp;<\/p>\n<p>PROGRAMA\u00c7\u00c3O PARA O M\u00caS DE MAR\u00c7O &#8211; IF BAIANO &#8211; CAMPUS BOM JESUS DA LAPA\/BA<\/p>\n<p><strong>Oficina de Elabora\u00e7\u00e3o de Projetos Culturais (para iniciantes)<\/strong><\/p>\n<ul>\n<li>Local: Audit\u00f3rio do IFBaiano<\/li>\n<li>Data: 17\/03\/2016 &#8211; In\u00edcio: 08:00<\/li>\n<\/ul>\n<p><strong>1\u00aa Mostra Musical \u201cEnCantos da Bacia\u201d em Bom Jesus da Lapa<\/strong><\/p>\n<ul>\n<li>Lan\u00e7amento do CD de Paulo Gabiru<\/li>\n<li>Lan\u00e7amento do CD de Cevisa &amp; Promessa de C\u00eara<\/li>\n<li>Participa\u00e7\u00f5es especiais de Maria Pereira,\u00a0Jos\u00e9 Bass e Tobias Alves<\/li>\n<li>Local: Audit\u00f3rio do IFBaiano<\/li>\n<li>Data: 19\/03\/2016 &#8211; In\u00edcio: 20:00<\/li>\n<\/ul>\n<div><a href=\"http:\/\/www.ifbaiano.edu.br\/unidades\/lapa\/files\/2016\/02\/12573077_864343693664912_1990526703394168779_n.jpg\"><img decoding=\"async\" loading=\"lazy\" class=\"aligncenter size-full wp-image-5234\" src=\"http:\/\/www.ifbaiano.edu.br\/unidades\/lapa\/files\/2016\/02\/12573077_864343693664912_1990526703394168779_n.jpg\" alt=\"\" width=\"526\" height=\"390\" srcset=\"https:\/\/www.ifbaiano.edu.br\/unidades\/lapa\/files\/2016\/02\/12573077_864343693664912_1990526703394168779_n.jpg 526w, https:\/\/www.ifbaiano.edu.br\/unidades\/lapa\/files\/2016\/02\/12573077_864343693664912_1990526703394168779_n-300x222.jpg 300w, https:\/\/www.ifbaiano.edu.br\/unidades\/lapa\/files\/2016\/02\/12573077_864343693664912_1990526703394168779_n-400x296.jpg 400w\" sizes=\"(max-width: 526px) 100vw, 526px\" \/><\/a><\/div>\n<div>Fonte:\u00a0http:\/\/clebereduao2016enc.wix.com\/encantosdabacia<\/div>\n","protected":false},"excerpt":{"rendered":"<p>Aprovado pelo Edital Agita\u00e7\u00e3o Cultural &#8211; Dinamiza\u00e7\u00e3o em Espa\u00e7os Culturais da SECULT\/BA, tendo como proponente o artista Cl\u00e9ber Edu\u00e3o,\u00a0O Projeto Encantos da Bacia se prop\u00f5e a realizar uma s\u00edntese cultural da Bacia do Rio S\u00e3o Francisco, congregando artistas e comunidade em um espa\u00e7o de fortalecimento e valoriza\u00e7\u00e3o da cultura musical.<\/p>\n","protected":false},"author":36,"featured_media":0,"comment_status":"open","ping_status":"open","sticky":false,"template":"","format":"standard","meta":[],"categories":[40],"tags":[],"_links":{"self":[{"href":"https:\/\/www.ifbaiano.edu.br\/unidades\/lapa\/wp-json\/wp\/v2\/posts\/5231"}],"collection":[{"href":"https:\/\/www.ifbaiano.edu.br\/unidades\/lapa\/wp-json\/wp\/v2\/posts"}],"about":[{"href":"https:\/\/www.ifbaiano.edu.br\/unidades\/lapa\/wp-json\/wp\/v2\/types\/post"}],"author":[{"embeddable":true,"href":"https:\/\/www.ifbaiano.edu.br\/unidades\/lapa\/wp-json\/wp\/v2\/users\/36"}],"replies":[{"embeddable":true,"href":"https:\/\/www.ifbaiano.edu.br\/unidades\/lapa\/wp-json\/wp\/v2\/comments?post=5231"}],"version-history":[{"count":5,"href":"https:\/\/www.ifbaiano.edu.br\/unidades\/lapa\/wp-json\/wp\/v2\/posts\/5231\/revisions"}],"predecessor-version":[{"id":5233,"href":"https:\/\/www.ifbaiano.edu.br\/unidades\/lapa\/wp-json\/wp\/v2\/posts\/5231\/revisions\/5233"}],"wp:attachment":[{"href":"https:\/\/www.ifbaiano.edu.br\/unidades\/lapa\/wp-json\/wp\/v2\/media?parent=5231"}],"wp:term":[{"taxonomy":"category","embeddable":true,"href":"https:\/\/www.ifbaiano.edu.br\/unidades\/lapa\/wp-json\/wp\/v2\/categories?post=5231"},{"taxonomy":"post_tag","embeddable":true,"href":"https:\/\/www.ifbaiano.edu.br\/unidades\/lapa\/wp-json\/wp\/v2\/tags?post=5231"}],"curies":[{"name":"wp","href":"https:\/\/api.w.org\/{rel}","templated":true}]}}