{"id":5326,"date":"2016-03-07T19:37:17","date_gmt":"2016-03-07T21:37:17","guid":{"rendered":"http:\/\/www.ifbaiano.edu.br\/unidades\/lapa\/?p=5326"},"modified":"2016-03-07T19:37:17","modified_gmt":"2016-03-07T21:37:17","slug":"campus-lapa-realiza-ato-comemorativo-ao-dia-internacional-da-mulher","status":"publish","type":"post","link":"https:\/\/www.ifbaiano.edu.br\/unidades\/lapa\/2016\/03\/07\/campus-lapa-realiza-ato-comemorativo-ao-dia-internacional-da-mulher\/","title":{"rendered":"Campus Lapa realiza Ato Comemorativo ao Dia Internacional da Mulher"},"content":{"rendered":"<p>Atrav\u00e9s do Centro Acad\u00eamico do Bacharelado em Engenharia Agron\u00f4mica &#8211; Nobres Barranqueiros, o Campus Bom Jesus da Lapa realizar\u00e1 o I Ato Comemorativo ao Dia Internacional da Mulher.<\/p>\n<p>Evento Acontece no Audit\u00f3rio do Campus, a partir das oito horas.<\/p>\n<p><a href=\"http:\/\/www.ifbaiano.edu.br\/unidades\/lapa\/files\/2016\/03\/folder-mulher.pdf\">Confiram folder com a programa\u00e7\u00e3o.<\/a><\/p>\n<p>&nbsp;<\/p>\n<p>Fonte: Dire\u00e7\u00e3o Acad\u00eamica<\/p>\n","protected":false},"excerpt":{"rendered":"<p>Atrav\u00e9s do Centro Acad\u00eamico do Bacharelado em Engenharia Agron\u00f4mica &#8211; Nobres Barranqueiros, o Campus Bom Jesus da Lapa realizar\u00e1 o I Ato Comemorativo ao Dia Internacional da Mulher. Evento Acontece no Audit\u00f3rio do Campus, a partir das oito horas. Confiram folder com a programa\u00e7\u00e3o. &nbsp; Fonte: Dire\u00e7\u00e3o Acad\u00eamica<\/p>\n","protected":false},"author":36,"featured_media":0,"comment_status":"open","ping_status":"open","sticky":false,"template":"","format":"standard","meta":[],"categories":[25],"tags":[],"_links":{"self":[{"href":"https:\/\/www.ifbaiano.edu.br\/unidades\/lapa\/wp-json\/wp\/v2\/posts\/5326"}],"collection":[{"href":"https:\/\/www.ifbaiano.edu.br\/unidades\/lapa\/wp-json\/wp\/v2\/posts"}],"about":[{"href":"https:\/\/www.ifbaiano.edu.br\/unidades\/lapa\/wp-json\/wp\/v2\/types\/post"}],"author":[{"embeddable":true,"href":"https:\/\/www.ifbaiano.edu.br\/unidades\/lapa\/wp-json\/wp\/v2\/users\/36"}],"replies":[{"embeddable":true,"href":"https:\/\/www.ifbaiano.edu.br\/unidades\/lapa\/wp-json\/wp\/v2\/comments?post=5326"}],"version-history":[{"count":2,"href":"https:\/\/www.ifbaiano.edu.br\/unidades\/lapa\/wp-json\/wp\/v2\/posts\/5326\/revisions"}],"predecessor-version":[{"id":5329,"href":"https:\/\/www.ifbaiano.edu.br\/unidades\/lapa\/wp-json\/wp\/v2\/posts\/5326\/revisions\/5329"}],"wp:attachment":[{"href":"https:\/\/www.ifbaiano.edu.br\/unidades\/lapa\/wp-json\/wp\/v2\/media?parent=5326"}],"wp:term":[{"taxonomy":"category","embeddable":true,"href":"https:\/\/www.ifbaiano.edu.br\/unidades\/lapa\/wp-json\/wp\/v2\/categories?post=5326"},{"taxonomy":"post_tag","embeddable":true,"href":"https:\/\/www.ifbaiano.edu.br\/unidades\/lapa\/wp-json\/wp\/v2\/tags?post=5326"}],"curies":[{"name":"wp","href":"https:\/\/api.w.org\/{rel}","templated":true}]}}