{"id":5352,"date":"2016-03-08T18:02:24","date_gmt":"2016-03-08T20:02:24","guid":{"rendered":"http:\/\/www.ifbaiano.edu.br\/unidades\/lapa\/?p=5352"},"modified":"2016-03-09T00:17:13","modified_gmt":"2016-03-09T02:17:13","slug":"publicado-resultado-final-do-processo-seletivo-para-professores-substitutos","status":"publish","type":"post","link":"https:\/\/www.ifbaiano.edu.br\/unidades\/lapa\/2016\/03\/08\/publicado-resultado-final-do-processo-seletivo-para-professores-substitutos\/","title":{"rendered":"Publicado RESULTADO FINAL do Processo Seletivo para Professores Substitutos"},"content":{"rendered":"<p>A <em>Comiss\u00e3o Organizadora do Processo Seletivo<\/em> para <span style=\"text-decoration: underline\">professor substituto<\/span> nas \u00e1reas de <span style=\"text-decoration: underline\">Ci\u00eancias Agr\u00e1rias e Letras<\/span>, designada pela Portaria Interna n\u00ba 01\/2016, torna p\u00fablico o <span style=\"text-decoration: underline\"><strong>resultado final<\/strong><\/span> do referido certame.<\/p>\n<p><a title=\"RESULTADO FINAL \u2013 SELETIVO PROFESSORES SUBSTITUTOS\" href=\"http:\/\/www.ifbaiano.edu.br\/unidades\/lapa\/files\/2016\/03\/Resultado-FINAL.pdf\" target=\"_blank\">ACESSEM AQUI O RESULTADO FINAL!<\/a><\/p>\n<p>Em breve, a reitoria promover\u00e1 as nomea\u00e7\u00f5es.<br \/>\n<strong><\/strong><\/p>\n<p><strong>Fonte:<\/strong> <em>A Comiss\u00e3o<\/em><\/p>\n","protected":false},"excerpt":{"rendered":"<p>A Comiss\u00e3o Organizadora do Processo Seletivo para professor substituto nas \u00e1reas de Ci\u00eancias Agr\u00e1rias e Letras, designada pela Portaria Interna n\u00ba 01\/2016, torna p\u00fablico o resultado final do referido certame. ACESSEM AQUI O RESULTADO FINAL! Em breve, a reitoria promover\u00e1 as nomea\u00e7\u00f5es. Fonte: A Comiss\u00e3o<\/p>\n","protected":false},"author":65,"featured_media":0,"comment_status":"open","ping_status":"open","sticky":false,"template":"","format":"standard","meta":[],"categories":[34,39,24],"tags":[],"_links":{"self":[{"href":"https:\/\/www.ifbaiano.edu.br\/unidades\/lapa\/wp-json\/wp\/v2\/posts\/5352"}],"collection":[{"href":"https:\/\/www.ifbaiano.edu.br\/unidades\/lapa\/wp-json\/wp\/v2\/posts"}],"about":[{"href":"https:\/\/www.ifbaiano.edu.br\/unidades\/lapa\/wp-json\/wp\/v2\/types\/post"}],"author":[{"embeddable":true,"href":"https:\/\/www.ifbaiano.edu.br\/unidades\/lapa\/wp-json\/wp\/v2\/users\/65"}],"replies":[{"embeddable":true,"href":"https:\/\/www.ifbaiano.edu.br\/unidades\/lapa\/wp-json\/wp\/v2\/comments?post=5352"}],"version-history":[{"count":9,"href":"https:\/\/www.ifbaiano.edu.br\/unidades\/lapa\/wp-json\/wp\/v2\/posts\/5352\/revisions"}],"predecessor-version":[{"id":5359,"href":"https:\/\/www.ifbaiano.edu.br\/unidades\/lapa\/wp-json\/wp\/v2\/posts\/5352\/revisions\/5359"}],"wp:attachment":[{"href":"https:\/\/www.ifbaiano.edu.br\/unidades\/lapa\/wp-json\/wp\/v2\/media?parent=5352"}],"wp:term":[{"taxonomy":"category","embeddable":true,"href":"https:\/\/www.ifbaiano.edu.br\/unidades\/lapa\/wp-json\/wp\/v2\/categories?post=5352"},{"taxonomy":"post_tag","embeddable":true,"href":"https:\/\/www.ifbaiano.edu.br\/unidades\/lapa\/wp-json\/wp\/v2\/tags?post=5352"}],"curies":[{"name":"wp","href":"https:\/\/api.w.org\/{rel}","templated":true}]}}