{"id":5554,"date":"2016-04-13T12:50:43","date_gmt":"2016-04-13T14:50:43","guid":{"rendered":"http:\/\/www.ifbaiano.edu.br\/unidades\/lapa\/?p=5554"},"modified":"2016-04-13T12:58:51","modified_gmt":"2016-04-13T14:58:51","slug":"comunicado-importante-aos-estudantes","status":"publish","type":"post","link":"https:\/\/www.ifbaiano.edu.br\/unidades\/lapa\/2016\/04\/13\/comunicado-importante-aos-estudantes\/","title":{"rendered":"COMUNICADO IMPORTANTE AOS ESTUDANTES"},"content":{"rendered":"<p>As <strong>Inscri\u00e7\u00f5es<\/strong> para o <strong>Programa de Assist\u00eancia e Inclus\u00e3o Social do Estudante PAISE 2016<\/strong> (<em>Aux\u00edlio Moradia, Alimenta\u00e7\u00e3o, Transporte, Creche, Eventual<\/em>) estar\u00e3o abertas <span style=\"text-decoration: underline\">at\u00e9 a pr\u00f3xima sexta feira<\/span>, dia <span style=\"text-decoration: underline\">15\/04 \u00e0s 17:00h<\/span>, <strong>na sala da Coordena\u00e7\u00e3o de Assuntos Estudantis<\/strong> (<span style=\"text-decoration: underline\"><strong>CAE<\/strong><\/span>).<br \/>\n<br \/>\n<strong>Participem!!<\/strong><\/p>\n<p><em>Mais informa\u00e7\u00f5es acessem:<\/em><\/p>\n<div style=\"padding-left: 30px\">&#8211; <a title=\"Edital PAISE 2016 PROEN\" href=\"http:\/\/www.ifbaiano.edu.br\/unidades\/lapa\/files\/2016\/04\/edital_paise_2016_proen.pdf\" target=\"_blank\">Edital<\/a><\/div>\n<div style=\"padding-left: 30px\">&#8211; <a title=\"Cronograma PAISE 2016\" href=\"http:\/\/www.ifbaiano.edu.br\/unidades\/lapa\/files\/2016\/04\/cronograma-PAISE-2016.pdf\" target=\"_blank\">Cronograma<\/a><\/div>\n<div style=\"padding-left: 30px\">&#8211; <a title=\"Folder PAISE 2016\" href=\"http:\/\/www.ifbaiano.edu.br\/unidades\/lapa\/files\/2016\/04\/Folder-PAISE-reconfigurado-2016.pdf\" target=\"_blank\">Folder Informativo<\/a><\/div>\n<hr \/>\n","protected":false},"excerpt":{"rendered":"<p>As Inscri\u00e7\u00f5es para o Programa de Assist\u00eancia e Inclus\u00e3o Social do Estudante PAISE 2016 (Aux\u00edlio Moradia, Alimenta\u00e7\u00e3o, Transporte, Creche, Eventual) estar\u00e3o abertas at\u00e9 a pr\u00f3xima sexta feira, dia 15\/04 \u00e0s 17:00h, na sala da Coordena\u00e7\u00e3o de Assuntos Estudantis (CAE). Participem!! Mais informa\u00e7\u00f5es acessem: &#8211; Edital &#8211; Cronograma &#8211; Folder Informativo<\/p>\n","protected":false},"author":65,"featured_media":0,"comment_status":"open","ping_status":"open","sticky":false,"template":"","format":"standard","meta":[],"categories":[30,24],"tags":[],"_links":{"self":[{"href":"https:\/\/www.ifbaiano.edu.br\/unidades\/lapa\/wp-json\/wp\/v2\/posts\/5554"}],"collection":[{"href":"https:\/\/www.ifbaiano.edu.br\/unidades\/lapa\/wp-json\/wp\/v2\/posts"}],"about":[{"href":"https:\/\/www.ifbaiano.edu.br\/unidades\/lapa\/wp-json\/wp\/v2\/types\/post"}],"author":[{"embeddable":true,"href":"https:\/\/www.ifbaiano.edu.br\/unidades\/lapa\/wp-json\/wp\/v2\/users\/65"}],"replies":[{"embeddable":true,"href":"https:\/\/www.ifbaiano.edu.br\/unidades\/lapa\/wp-json\/wp\/v2\/comments?post=5554"}],"version-history":[{"count":10,"href":"https:\/\/www.ifbaiano.edu.br\/unidades\/lapa\/wp-json\/wp\/v2\/posts\/5554\/revisions"}],"predecessor-version":[{"id":5564,"href":"https:\/\/www.ifbaiano.edu.br\/unidades\/lapa\/wp-json\/wp\/v2\/posts\/5554\/revisions\/5564"}],"wp:attachment":[{"href":"https:\/\/www.ifbaiano.edu.br\/unidades\/lapa\/wp-json\/wp\/v2\/media?parent=5554"}],"wp:term":[{"taxonomy":"category","embeddable":true,"href":"https:\/\/www.ifbaiano.edu.br\/unidades\/lapa\/wp-json\/wp\/v2\/categories?post=5554"},{"taxonomy":"post_tag","embeddable":true,"href":"https:\/\/www.ifbaiano.edu.br\/unidades\/lapa\/wp-json\/wp\/v2\/tags?post=5554"}],"curies":[{"name":"wp","href":"https:\/\/api.w.org\/{rel}","templated":true}]}}