{"id":5622,"date":"2016-04-15T10:22:54","date_gmt":"2016-04-15T12:22:54","guid":{"rendered":"http:\/\/www.ifbaiano.edu.br\/unidades\/lapa\/?p=5622"},"modified":"2016-04-15T10:45:23","modified_gmt":"2016-04-15T12:45:23","slug":"campus-lapa-realiza-cerimonia-de-colacao-de-grau","status":"publish","type":"post","link":"https:\/\/www.ifbaiano.edu.br\/unidades\/lapa\/2016\/04\/15\/campus-lapa-realiza-cerimonia-de-colacao-de-grau\/","title":{"rendered":"Campus Lapa realiza Cerim\u00f4nia de Cola\u00e7\u00e3o de Grau"},"content":{"rendered":"<p style=\"text-align: justify\">O Campus Bom Jesus da Lapa realizou no dia <strong>14 de abril de 2016<\/strong>, a <strong>formatura dos alunos<\/strong> do <em>Curso T\u00e9cnico Subsequente em Agricultura, turma 2014.1 e do Curso T\u00e9cnico Subsequente em Inform\u00e1tica, turmas 2013.2 e 2014.1<\/em>. <!--more-->O evento contou com a <span style=\"text-decoration: underline\">participa\u00e7\u00e3o de 20 alunos do curso de inform\u00e1tica e 14 alunos do curso de agricultura<\/span>, congregando as comunidades internas e externas no audit\u00f3rio do Campus. O Diretor Geral, Ariomar Rodrigues dos Santos destacou a import\u00e2ncia desse momento para o <em>Campus<\/em> e para a vida dos estudante &#8220;<em>essa conquista vai impulsionar outras buscas e abrir novos horizontes, \u00e9 preciso muita sabedoria e humildade para trilhar esses novos caminhos<\/em>&#8220;. Para o Diretor Acad\u00eamico, Junio Batista, &#8220;<em>o momento representa a concretiza\u00e7\u00e3o de um sonho coletivo de toda comunidade acad\u00eamica do Campus Lapa<\/em>&#8220;, destacou que a vit\u00f3ria de agora representa o in\u00edcio de muitas outras. O coordenador de Ensino, Edi\u00eanio Farias parabenizou todos os estudantes por esse momento t\u00e3o importante na vida de cada um, destacou que &#8220;<em>acreditar que este dia chegaria, somado ao esfor\u00e7o de cada um e do trabalho coletivo envolvido foi importante para que a cada dia o sonho se realizasse, hoje os aplausos s\u00e3o para voc\u00eas<\/em>&#8220;.<\/p>\n\n\t\t<style type=\"text\/css\">\n\t\t\t#gallery-1 {\n\t\t\t\tmargin: auto;\n\t\t\t}\n\t\t\t#gallery-1 .gallery-item {\n\t\t\t\tfloat: left;\n\t\t\t\tmargin-top: 10px;\n\t\t\t\ttext-align: center;\n\t\t\t\twidth: 25%;\n\t\t\t}\n\t\t\t#gallery-1 img {\n\t\t\t\tborder: 2px solid #cfcfcf;\n\t\t\t}\n\t\t\t#gallery-1 .gallery-caption {\n\t\t\t\tmargin-left: 0;\n\t\t\t}\n\t\t\t\/* see gallery_shortcode() in wp-includes\/media.php *\/\n\t\t<\/style>\n\t\t<div id='gallery-1' class='gallery galleryid-5622 gallery-columns-4 gallery-size-thumbnail'><dl class='gallery-item'>\n\t\t\t<dt class='gallery-icon landscape'>\n\t\t\t\t<a href='https:\/\/www.ifbaiano.edu.br\/unidades\/lapa\/files\/2016\/04\/formatura-_2016_1.jpg'><img width=\"150\" height=\"100\" src=\"https:\/\/www.ifbaiano.edu.br\/unidades\/lapa\/files\/2016\/04\/formatura-_2016_1.jpg\" class=\"attachment-thumbnail size-thumbnail\" alt=\"\" decoding=\"async\" loading=\"lazy\" \/><\/a>\n\t\t\t<\/dt><\/dl><dl class='gallery-item'>\n\t\t\t<dt class='gallery-icon landscape'>\n\t\t\t\t<a href='https:\/\/www.ifbaiano.edu.br\/unidades\/lapa\/files\/2016\/04\/formatura-_2016_2.jpg'><img width=\"150\" height=\"100\" src=\"https:\/\/www.ifbaiano.edu.br\/unidades\/lapa\/files\/2016\/04\/formatura-_2016_2.jpg\" class=\"attachment-thumbnail size-thumbnail\" alt=\"\" decoding=\"async\" loading=\"lazy\" \/><\/a>\n\t\t\t<\/dt><\/dl><dl class='gallery-item'>\n\t\t\t<dt class='gallery-icon landscape'>\n\t\t\t\t<a href='https:\/\/www.ifbaiano.edu.br\/unidades\/lapa\/files\/2016\/04\/formatura-_2016_3.jpg'><img width=\"150\" height=\"100\" src=\"https:\/\/www.ifbaiano.edu.br\/unidades\/lapa\/files\/2016\/04\/formatura-_2016_3.jpg\" class=\"attachment-thumbnail size-thumbnail\" alt=\"\" decoding=\"async\" loading=\"lazy\" \/><\/a>\n\t\t\t<\/dt><\/dl><dl class='gallery-item'>\n\t\t\t<dt class='gallery-icon landscape'>\n\t\t\t\t<a href='https:\/\/www.ifbaiano.edu.br\/unidades\/lapa\/files\/2016\/04\/formatura-_2016_4.jpg'><img width=\"150\" height=\"100\" src=\"https:\/\/www.ifbaiano.edu.br\/unidades\/lapa\/files\/2016\/04\/formatura-_2016_4.jpg\" class=\"attachment-thumbnail size-thumbnail\" alt=\"\" decoding=\"async\" loading=\"lazy\" \/><\/a>\n\t\t\t<\/dt><\/dl><br style=\"clear: both\" \/>\n\t\t<\/div>\n\n","protected":false},"excerpt":{"rendered":"<p>O Campus Bom Jesus da Lapa realizou no dia 14 de abril de 2016, a formatura dos alunos do Curso T\u00e9cnico Subsequente em Agricultura, turma 2014.1 e do Curso T\u00e9cnico Subsequente em Inform\u00e1tica, turmas 2013.2 e 2014.1.<\/p>\n","protected":false},"author":65,"featured_media":0,"comment_status":"open","ping_status":"open","sticky":false,"template":"","format":"standard","meta":[],"categories":[24],"tags":[],"_links":{"self":[{"href":"https:\/\/www.ifbaiano.edu.br\/unidades\/lapa\/wp-json\/wp\/v2\/posts\/5622"}],"collection":[{"href":"https:\/\/www.ifbaiano.edu.br\/unidades\/lapa\/wp-json\/wp\/v2\/posts"}],"about":[{"href":"https:\/\/www.ifbaiano.edu.br\/unidades\/lapa\/wp-json\/wp\/v2\/types\/post"}],"author":[{"embeddable":true,"href":"https:\/\/www.ifbaiano.edu.br\/unidades\/lapa\/wp-json\/wp\/v2\/users\/65"}],"replies":[{"embeddable":true,"href":"https:\/\/www.ifbaiano.edu.br\/unidades\/lapa\/wp-json\/wp\/v2\/comments?post=5622"}],"version-history":[{"count":9,"href":"https:\/\/www.ifbaiano.edu.br\/unidades\/lapa\/wp-json\/wp\/v2\/posts\/5622\/revisions"}],"predecessor-version":[{"id":5627,"href":"https:\/\/www.ifbaiano.edu.br\/unidades\/lapa\/wp-json\/wp\/v2\/posts\/5622\/revisions\/5627"}],"wp:attachment":[{"href":"https:\/\/www.ifbaiano.edu.br\/unidades\/lapa\/wp-json\/wp\/v2\/media?parent=5622"}],"wp:term":[{"taxonomy":"category","embeddable":true,"href":"https:\/\/www.ifbaiano.edu.br\/unidades\/lapa\/wp-json\/wp\/v2\/categories?post=5622"},{"taxonomy":"post_tag","embeddable":true,"href":"https:\/\/www.ifbaiano.edu.br\/unidades\/lapa\/wp-json\/wp\/v2\/tags?post=5622"}],"curies":[{"name":"wp","href":"https:\/\/api.w.org\/{rel}","templated":true}]}}