{"id":5636,"date":"2016-04-15T11:33:38","date_gmt":"2016-04-15T13:33:38","guid":{"rendered":"http:\/\/www.ifbaiano.edu.br\/unidades\/lapa\/?p=5636"},"modified":"2016-04-15T11:37:10","modified_gmt":"2016-04-15T13:37:10","slug":"campus-lapa-participa-como-parceiro-do-i-seminario-sobre-politicas-publicas-e-desenvolvimento-territorial","status":"publish","type":"post","link":"https:\/\/www.ifbaiano.edu.br\/unidades\/lapa\/2016\/04\/15\/campus-lapa-participa-como-parceiro-do-i-seminario-sobre-politicas-publicas-e-desenvolvimento-territorial\/","title":{"rendered":"Campus Lapa participa como parceiro do I Semin\u00e1rio sobre Pol\u00edticas P\u00fablicas e Desenvolvimento Territorial"},"content":{"rendered":"<p style=\"text-align: justify\">O <strong>I Semin\u00e1rio de Pol\u00edticas P\u00fablicas e Desenvolvimento Territorial<\/strong> \u00e9 um evento regional <strong>organizado pelo Campus XVII da UNEB<\/strong> em parceria com o <span style=\"text-decoration: underline\">Instituto Federal de Educa\u00e7\u00e3o, Ci\u00eancias e Tecnologia Baiano \u2013 IF Baiano, Universidade Federal do Oeste da Bahia \u2013 UFOB e o N\u00facleo de Extens\u00e3o em Desenvolvimento Territorial \u2013 NEDET Velho Chico<\/span>, com o <strong>objetivo de promover discuss\u00f5es de temas e a socializa\u00e7\u00e3o de trabalhos desenvolvidos nos campos da pesquisa, ensino e extens\u00e3o<\/strong>.<!--more--> O tema, Enlaces para a Constru\u00e7\u00e3o e Fortalecimento de Pr\u00e1ticas Territoriais Inovadoras, leva em considera\u00e7\u00e3o o atual contexto das Pol\u00edticas P\u00fablicas de Desenvolvimento Territorial, destacando o momento de sua implanta\u00e7\u00e3o, bem como a pertin\u00eancia no levantamento de problemas que permitam seu aperfei\u00e7oamento e implementa\u00e7\u00e3o. Com isso, pretende colaborar com o fortalecimento de pol\u00edticas e pr\u00e1ticas, que perpassam o contexto das tecnologias sociais como a agroecologia, gest\u00e3o social, pr\u00e1ticas populares e economia solid\u00e1ria, reafirmando o compromisso social da UNEB no atendimento das demandas da sociedade, especialmente, do Territ\u00f3rio Velho Chico.<\/p>\n","protected":false},"excerpt":{"rendered":"<p>O I Semin\u00e1rio de Pol\u00edticas P\u00fablicas e Desenvolvimento Territorial \u00e9 um evento regional organizado pelo Campus XVII da UNEB em parceria com o Instituto Federal de Educa\u00e7\u00e3o, Ci\u00eancias e Tecnologia Baiano \u2013 IF Baiano, Universidade Federal do Oeste da Bahia \u2013 UFOB e o N\u00facleo de Extens\u00e3o em Desenvolvimento Territorial \u2013 NEDET Velho Chico, com [&hellip;]<\/p>\n","protected":false},"author":65,"featured_media":0,"comment_status":"open","ping_status":"open","sticky":false,"template":"","format":"standard","meta":[],"categories":[24],"tags":[],"_links":{"self":[{"href":"https:\/\/www.ifbaiano.edu.br\/unidades\/lapa\/wp-json\/wp\/v2\/posts\/5636"}],"collection":[{"href":"https:\/\/www.ifbaiano.edu.br\/unidades\/lapa\/wp-json\/wp\/v2\/posts"}],"about":[{"href":"https:\/\/www.ifbaiano.edu.br\/unidades\/lapa\/wp-json\/wp\/v2\/types\/post"}],"author":[{"embeddable":true,"href":"https:\/\/www.ifbaiano.edu.br\/unidades\/lapa\/wp-json\/wp\/v2\/users\/65"}],"replies":[{"embeddable":true,"href":"https:\/\/www.ifbaiano.edu.br\/unidades\/lapa\/wp-json\/wp\/v2\/comments?post=5636"}],"version-history":[{"count":8,"href":"https:\/\/www.ifbaiano.edu.br\/unidades\/lapa\/wp-json\/wp\/v2\/posts\/5636\/revisions"}],"predecessor-version":[{"id":5644,"href":"https:\/\/www.ifbaiano.edu.br\/unidades\/lapa\/wp-json\/wp\/v2\/posts\/5636\/revisions\/5644"}],"wp:attachment":[{"href":"https:\/\/www.ifbaiano.edu.br\/unidades\/lapa\/wp-json\/wp\/v2\/media?parent=5636"}],"wp:term":[{"taxonomy":"category","embeddable":true,"href":"https:\/\/www.ifbaiano.edu.br\/unidades\/lapa\/wp-json\/wp\/v2\/categories?post=5636"},{"taxonomy":"post_tag","embeddable":true,"href":"https:\/\/www.ifbaiano.edu.br\/unidades\/lapa\/wp-json\/wp\/v2\/tags?post=5636"}],"curies":[{"name":"wp","href":"https:\/\/api.w.org\/{rel}","templated":true}]}}