{"id":5649,"date":"2016-04-15T16:20:14","date_gmt":"2016-04-15T18:20:14","guid":{"rendered":"http:\/\/www.ifbaiano.edu.br\/unidades\/lapa\/?p=5649"},"modified":"2016-04-15T16:27:08","modified_gmt":"2016-04-15T18:27:08","slug":"acoes-de-combate-ao-mosquito-aedes-aegypti","status":"publish","type":"post","link":"https:\/\/www.ifbaiano.edu.br\/unidades\/lapa\/2016\/04\/15\/acoes-de-combate-ao-mosquito-aedes-aegypti\/","title":{"rendered":"A\u00e7\u00f5es de combate ao mosquito AEDES AEGYPTI"},"content":{"rendered":"<p>Nosso Campus apoia campanha de combate ao mosquito e sediou no audit\u00f3rio uma <em>palestra para alunos, servidores e comunidade com o tema<\/em>: <strong>&#8220;Combate e preven\u00e7\u00e3o ao mosquito AEDES AEGYTPI&#8221;<\/strong>, ministrada pelos Agentes de Endemias da Cidade de Bom Jesus da Lapa.<\/p>\n\n\t\t<style type=\"text\/css\">\n\t\t\t#gallery-1 {\n\t\t\t\tmargin: auto;\n\t\t\t}\n\t\t\t#gallery-1 .gallery-item {\n\t\t\t\tfloat: left;\n\t\t\t\tmargin-top: 10px;\n\t\t\t\ttext-align: center;\n\t\t\t\twidth: 25%;\n\t\t\t}\n\t\t\t#gallery-1 img {\n\t\t\t\tborder: 2px solid #cfcfcf;\n\t\t\t}\n\t\t\t#gallery-1 .gallery-caption {\n\t\t\t\tmargin-left: 0;\n\t\t\t}\n\t\t\t\/* see gallery_shortcode() in wp-includes\/media.php *\/\n\t\t<\/style>\n\t\t<div id='gallery-1' class='gallery galleryid-5649 gallery-columns-4 gallery-size-thumbnail'><dl class='gallery-item'>\n\t\t\t<dt class='gallery-icon landscape'>\n\t\t\t\t<a href='https:\/\/www.ifbaiano.edu.br\/unidades\/lapa\/files\/2016\/04\/camp_zika_zero_2.jpg'><img width=\"150\" height=\"84\" src=\"https:\/\/www.ifbaiano.edu.br\/unidades\/lapa\/files\/2016\/04\/camp_zika_zero_2.jpg\" class=\"attachment-thumbnail size-thumbnail\" alt=\"\" decoding=\"async\" loading=\"lazy\" \/><\/a>\n\t\t\t<\/dt><\/dl><dl class='gallery-item'>\n\t\t\t<dt class='gallery-icon landscape'>\n\t\t\t\t<a href='https:\/\/www.ifbaiano.edu.br\/unidades\/lapa\/files\/2016\/04\/camp_zika_zero_3.jpg'><img width=\"150\" height=\"84\" src=\"https:\/\/www.ifbaiano.edu.br\/unidades\/lapa\/files\/2016\/04\/camp_zika_zero_3.jpg\" class=\"attachment-thumbnail size-thumbnail\" alt=\"\" decoding=\"async\" loading=\"lazy\" \/><\/a>\n\t\t\t<\/dt><\/dl><dl class='gallery-item'>\n\t\t\t<dt class='gallery-icon landscape'>\n\t\t\t\t<a href='https:\/\/www.ifbaiano.edu.br\/unidades\/lapa\/files\/2016\/04\/camp_zika_zero_4.jpg'><img width=\"150\" height=\"84\" src=\"https:\/\/www.ifbaiano.edu.br\/unidades\/lapa\/files\/2016\/04\/camp_zika_zero_4.jpg\" class=\"attachment-thumbnail size-thumbnail\" alt=\"\" decoding=\"async\" loading=\"lazy\" \/><\/a>\n\t\t\t<\/dt><\/dl><dl class='gallery-item'>\n\t\t\t<dt class='gallery-icon landscape'>\n\t\t\t\t<a href='https:\/\/www.ifbaiano.edu.br\/unidades\/lapa\/files\/2016\/04\/camp_zika_zero_1.jpg'><img width=\"150\" height=\"84\" src=\"https:\/\/www.ifbaiano.edu.br\/unidades\/lapa\/files\/2016\/04\/camp_zika_zero_1.jpg\" class=\"attachment-thumbnail size-thumbnail\" alt=\"\" decoding=\"async\" loading=\"lazy\" \/><\/a>\n\t\t\t<\/dt><\/dl><br style=\"clear: both\" \/>\n\t\t<\/div>\n\n","protected":false},"excerpt":{"rendered":"<p>Nosso Campus apoia campanha de combate ao mosquito e sediou no audit\u00f3rio uma palestra para alunos, servidores e comunidade com o tema: &#8220;Combate e preven\u00e7\u00e3o ao mosquito AEDES AEGYTPI&#8221;, ministrada pelos Agentes de Endemias da Cidade de Bom Jesus da Lapa.<\/p>\n","protected":false},"author":65,"featured_media":5645,"comment_status":"open","ping_status":"open","sticky":false,"template":"","format":"standard","meta":[],"categories":[24],"tags":[],"_links":{"self":[{"href":"https:\/\/www.ifbaiano.edu.br\/unidades\/lapa\/wp-json\/wp\/v2\/posts\/5649"}],"collection":[{"href":"https:\/\/www.ifbaiano.edu.br\/unidades\/lapa\/wp-json\/wp\/v2\/posts"}],"about":[{"href":"https:\/\/www.ifbaiano.edu.br\/unidades\/lapa\/wp-json\/wp\/v2\/types\/post"}],"author":[{"embeddable":true,"href":"https:\/\/www.ifbaiano.edu.br\/unidades\/lapa\/wp-json\/wp\/v2\/users\/65"}],"replies":[{"embeddable":true,"href":"https:\/\/www.ifbaiano.edu.br\/unidades\/lapa\/wp-json\/wp\/v2\/comments?post=5649"}],"version-history":[{"count":7,"href":"https:\/\/www.ifbaiano.edu.br\/unidades\/lapa\/wp-json\/wp\/v2\/posts\/5649\/revisions"}],"predecessor-version":[{"id":5654,"href":"https:\/\/www.ifbaiano.edu.br\/unidades\/lapa\/wp-json\/wp\/v2\/posts\/5649\/revisions\/5654"}],"wp:featuredmedia":[{"embeddable":true,"href":"https:\/\/www.ifbaiano.edu.br\/unidades\/lapa\/wp-json\/wp\/v2\/media\/5645"}],"wp:attachment":[{"href":"https:\/\/www.ifbaiano.edu.br\/unidades\/lapa\/wp-json\/wp\/v2\/media?parent=5649"}],"wp:term":[{"taxonomy":"category","embeddable":true,"href":"https:\/\/www.ifbaiano.edu.br\/unidades\/lapa\/wp-json\/wp\/v2\/categories?post=5649"},{"taxonomy":"post_tag","embeddable":true,"href":"https:\/\/www.ifbaiano.edu.br\/unidades\/lapa\/wp-json\/wp\/v2\/tags?post=5649"}],"curies":[{"name":"wp","href":"https:\/\/api.w.org\/{rel}","templated":true}]}}