{"id":5657,"date":"2016-04-18T08:55:46","date_gmt":"2016-04-18T10:55:46","guid":{"rendered":"http:\/\/www.ifbaiano.edu.br\/unidades\/lapa\/?p=5657"},"modified":"2016-04-18T12:38:25","modified_gmt":"2016-04-18T14:38:25","slug":"publicacao-do-agendamento-das-entrevistas-paise-edital-252016","status":"publish","type":"post","link":"https:\/\/www.ifbaiano.edu.br\/unidades\/lapa\/2016\/04\/18\/publicacao-do-agendamento-das-entrevistas-paise-edital-252016\/","title":{"rendered":"PUBLICA\u00c7\u00c3O DO AGENDAMENTO DAS ENTREVISTAS PAISE &#8211; EDITAL 25\/2016"},"content":{"rendered":"<p>A <strong>Comiss\u00e3o de Implementa\u00e7\u00e3o da Pol\u00edtica de Assist\u00eancia Estudantil<\/strong>, divulga a<em> lista de alunos com inscri\u00e7\u00f5es homologadas e agendamento de entrevistas<\/em>.<\/p>\n<p><em>Fiquem atentos ao dia e o hor\u00e1rio das entrevistas<\/em>, pois os atrasos e aus\u00eancias poder\u00e3o resultar em desclassifica\u00e7\u00e3o.<\/p>\n<p><a title=\"Lista Entrevistas PAISE - EDITAL 25\/2016\" href=\"http:\/\/www.ifbaiano.edu.br\/unidades\/lapa\/files\/2016\/04\/lista-de-entrevista.pdf\" target=\"_blank\">Acessem aqui a lista!!!<\/a><\/p>\n<p>Atenciosamente,<\/p>\n<p>A Comiss\u00e3o<\/p>\n","protected":false},"excerpt":{"rendered":"<p>A Comiss\u00e3o de Implementa\u00e7\u00e3o da Pol\u00edtica de Assist\u00eancia Estudantil, divulga a lista de alunos com inscri\u00e7\u00f5es homologadas e agendamento de entrevistas. Fiquem atentos ao dia e o hor\u00e1rio das entrevistas, pois os atrasos e aus\u00eancias poder\u00e3o resultar em desclassifica\u00e7\u00e3o. Acessem aqui a lista!!! Atenciosamente, A Comiss\u00e3o<\/p>\n","protected":false},"author":58,"featured_media":0,"comment_status":"open","ping_status":"open","sticky":false,"template":"","format":"standard","meta":[],"categories":[24],"tags":[],"_links":{"self":[{"href":"https:\/\/www.ifbaiano.edu.br\/unidades\/lapa\/wp-json\/wp\/v2\/posts\/5657"}],"collection":[{"href":"https:\/\/www.ifbaiano.edu.br\/unidades\/lapa\/wp-json\/wp\/v2\/posts"}],"about":[{"href":"https:\/\/www.ifbaiano.edu.br\/unidades\/lapa\/wp-json\/wp\/v2\/types\/post"}],"author":[{"embeddable":true,"href":"https:\/\/www.ifbaiano.edu.br\/unidades\/lapa\/wp-json\/wp\/v2\/users\/58"}],"replies":[{"embeddable":true,"href":"https:\/\/www.ifbaiano.edu.br\/unidades\/lapa\/wp-json\/wp\/v2\/comments?post=5657"}],"version-history":[{"count":6,"href":"https:\/\/www.ifbaiano.edu.br\/unidades\/lapa\/wp-json\/wp\/v2\/posts\/5657\/revisions"}],"predecessor-version":[{"id":5662,"href":"https:\/\/www.ifbaiano.edu.br\/unidades\/lapa\/wp-json\/wp\/v2\/posts\/5657\/revisions\/5662"}],"wp:attachment":[{"href":"https:\/\/www.ifbaiano.edu.br\/unidades\/lapa\/wp-json\/wp\/v2\/media?parent=5657"}],"wp:term":[{"taxonomy":"category","embeddable":true,"href":"https:\/\/www.ifbaiano.edu.br\/unidades\/lapa\/wp-json\/wp\/v2\/categories?post=5657"},{"taxonomy":"post_tag","embeddable":true,"href":"https:\/\/www.ifbaiano.edu.br\/unidades\/lapa\/wp-json\/wp\/v2\/tags?post=5657"}],"curies":[{"name":"wp","href":"https:\/\/api.w.org\/{rel}","templated":true}]}}