{"id":5666,"date":"2016-04-18T13:27:40","date_gmt":"2016-04-18T15:27:40","guid":{"rendered":"http:\/\/www.ifbaiano.edu.br\/unidades\/lapa\/?p=5666"},"modified":"2016-04-18T13:27:40","modified_gmt":"2016-04-18T15:27:40","slug":"mec-promove-concurso-de-video-sobre-pesquisa-para-conhecer-e-combater-o-aedes-aegypti","status":"publish","type":"post","link":"https:\/\/www.ifbaiano.edu.br\/unidades\/lapa\/2016\/04\/18\/mec-promove-concurso-de-video-sobre-pesquisa-para-conhecer-e-combater-o-aedes-aegypti\/","title":{"rendered":"MEC promove concurso de v\u00eddeo sobre pesquisa para conhecer e combater o Aedes aegypti"},"content":{"rendered":"<p><img decoding=\"async\" loading=\"lazy\" class=\"size-full wp-image-5667 alignleft\" style=\"border: 1px solid black;margin: 1px\" src=\"http:\/\/www.ifbaiano.edu.br\/unidades\/lapa\/files\/2016\/04\/mosquito.png\" alt=\"\" width=\"358\" height=\"203\" \/>\u201cSua escola est\u00e1 participando da Semana Nacional de Mobiliza\u00e7\u00e3o da Fam\u00edlia e da Comunidade Escolar pelo Combate ao <em>Aedes aegypti<\/em>? Se estiver, re\u00fana tr\u00eas amigos e um professor para, juntos, produzirem um v\u00eddeo que mostre como voc\u00eas est\u00e3o prevenindo e combatendo os focos do mosquito transmissor da dengue, da febre chikungunya e do zika v\u00edrus.\u201d<\/p>\n<p>Essa \u00e9 a proposta do concurso de v\u00eddeo Pesquisar e Conhecer para Combater o <em>Aedes aegypti<\/em>, lan\u00e7ado nesta quarta-feira, 6, pelo Minist\u00e9rio da Educa\u00e7\u00e3o. De acordo com o ministro Aloizio Mercadante, n\u00e3o basta um dia de mobiliza\u00e7\u00e3o para as a\u00e7\u00f5es contra o mosquito serem efetivas. \u201cO trabalho deve ser sistem\u00e1tico e cont\u00ednuo.\u201d<\/p>\n<p>Coordenado pela Secretaria de Educa\u00e7\u00e3o Continuada, Alfabetiza\u00e7\u00e3o, Diversidade e Inclus\u00e3o (Secadi), em parceria com as demais secretarias do MEC, o concurso ter\u00e1 as inscri\u00e7\u00f5es, gratuitas, abertas no per\u00edodo de 18 a 31 de maio pr\u00f3ximo. Divido em etapas regional e nacional, o edital do concurso limita a inscri\u00e7\u00e3o a apenas um v\u00eddeo por escola nas diferentes categorias. Os filmes inscritos podem ter no m\u00e1ximo 90 segundos de dura\u00e7\u00e3o e devem ser captados por aparelhos de telefone celular ou c\u00e2meras digitais dom\u00e9sticas, com boa qualidade de imagem e som.<\/p>\n<p>Os vencedores das etapas regionais receber\u00e3o certificados; os da etapa nacional, al\u00e9m do certificado, vir\u00e3o a Bras\u00edlia para participar de um curso de forma\u00e7\u00e3o. Os finalistas e vencedores ser\u00e3o anunciados na p\u00e1gina oficial do concurso na internet.<\/p>\n<p>Para fazer a inscri\u00e7\u00e3o, as escolas devem primeiramente postar o v\u00eddeo gravado no Youtube. Depois, preencher o formul\u00e1rio de inscri\u00e7\u00e3o, que estar\u00e1 dispon\u00edvel na p\u00e1gina do MEC sobre o zika v\u00edrus. V\u00eddeos postados com data posterior ou modificados ap\u00f3s o preenchimento do formul\u00e1rio on-line ser\u00e3o desconsiderados.<\/p>\n<p>Dados da institui\u00e7\u00e3o, como o c\u00f3digo Inep (do Instituto Nacional de Estudo e Pesquisas Educacionais), o nome do diretor e o da equipe (alunos e professores), e do v\u00eddeo (deve ser o mesmo divulgado no Youtube), assim como o link do v\u00eddeo, devem ser informados corretamente. A falta de preenchimento de qualquer campo impedir\u00e1 a conclus\u00e3o da inscri\u00e7\u00e3o.<\/p>\n<p>Mais informa\u00e7\u00f5es no <a href=\"http:\/\/portal.mec.gov.br\/index.php?option=com_docman&amp;view=download&amp;alias=36921-edital-1-16-secadi-zika-pdf&amp;category_slug=abril-2016&amp;Itemid=30192\" target=\"_blank\">Edital da Secadi n\u00ba 1\/2016<\/a>, publicado no <em>Di\u00e1rio Oficial<\/em> da Uni\u00e3o desta quarta-feira, 6. As inscri\u00e7\u00f5es ser\u00e3o feitas exclusivamente na <a href=\"http:\/\/zikazero.mec.gov.br\" target=\"_blank\">p\u00e1gina do MEC sobre o zika v\u00edrus<\/a>.<\/p>\n<p><em>Fonte: Assessoria de Comunica\u00e7\u00e3o Social<\/em><\/p>\n","protected":false},"excerpt":{"rendered":"<p>\u201cSua escola est\u00e1 participando da Semana Nacional de Mobiliza\u00e7\u00e3o da Fam\u00edlia e da Comunidade Escolar pelo Combate ao Aedes aegypti? Se estiver, re\u00fana tr\u00eas amigos e um professor para, juntos, produzirem um v\u00eddeo que mostre como voc\u00eas est\u00e3o prevenindo e combatendo os focos do mosquito transmissor da dengue, da febre chikungunya e do zika v\u00edrus.\u201d [&hellip;]<\/p>\n","protected":false},"author":65,"featured_media":5667,"comment_status":"open","ping_status":"open","sticky":false,"template":"","format":"standard","meta":[],"categories":[24],"tags":[],"_links":{"self":[{"href":"https:\/\/www.ifbaiano.edu.br\/unidades\/lapa\/wp-json\/wp\/v2\/posts\/5666"}],"collection":[{"href":"https:\/\/www.ifbaiano.edu.br\/unidades\/lapa\/wp-json\/wp\/v2\/posts"}],"about":[{"href":"https:\/\/www.ifbaiano.edu.br\/unidades\/lapa\/wp-json\/wp\/v2\/types\/post"}],"author":[{"embeddable":true,"href":"https:\/\/www.ifbaiano.edu.br\/unidades\/lapa\/wp-json\/wp\/v2\/users\/65"}],"replies":[{"embeddable":true,"href":"https:\/\/www.ifbaiano.edu.br\/unidades\/lapa\/wp-json\/wp\/v2\/comments?post=5666"}],"version-history":[{"count":15,"href":"https:\/\/www.ifbaiano.edu.br\/unidades\/lapa\/wp-json\/wp\/v2\/posts\/5666\/revisions"}],"predecessor-version":[{"id":5682,"href":"https:\/\/www.ifbaiano.edu.br\/unidades\/lapa\/wp-json\/wp\/v2\/posts\/5666\/revisions\/5682"}],"wp:featuredmedia":[{"embeddable":true,"href":"https:\/\/www.ifbaiano.edu.br\/unidades\/lapa\/wp-json\/wp\/v2\/media\/5667"}],"wp:attachment":[{"href":"https:\/\/www.ifbaiano.edu.br\/unidades\/lapa\/wp-json\/wp\/v2\/media?parent=5666"}],"wp:term":[{"taxonomy":"category","embeddable":true,"href":"https:\/\/www.ifbaiano.edu.br\/unidades\/lapa\/wp-json\/wp\/v2\/categories?post=5666"},{"taxonomy":"post_tag","embeddable":true,"href":"https:\/\/www.ifbaiano.edu.br\/unidades\/lapa\/wp-json\/wp\/v2\/tags?post=5666"}],"curies":[{"name":"wp","href":"https:\/\/api.w.org\/{rel}","templated":true}]}}