{"id":5683,"date":"2016-04-18T14:12:07","date_gmt":"2016-04-18T16:12:07","guid":{"rendered":"http:\/\/www.ifbaiano.edu.br\/unidades\/lapa\/?p=5683"},"modified":"2016-04-18T14:21:23","modified_gmt":"2016-04-18T16:21:23","slug":"campus-lapa-promove-acoes-de-saude-e-qualidade-de-vida-no-trabalho","status":"publish","type":"post","link":"https:\/\/www.ifbaiano.edu.br\/unidades\/lapa\/2016\/04\/18\/campus-lapa-promove-acoes-de-saude-e-qualidade-de-vida-no-trabalho\/","title":{"rendered":"Campus Lapa promove a\u00e7\u00f5es de Sa\u00fade e Qualidade de Vida no trabalho."},"content":{"rendered":"<p>O <strong>N\u00facleo de Apoio a Gest\u00e3o de Pessoas<\/strong>, visando <span style=\"text-decoration: underline\">promover a pr\u00e1tica de sa\u00fade no trabalho<\/span> e assim <span style=\"text-decoration: underline\">prevenir doen\u00e7as t\u00edpicas da atividade laboral<\/span>, vem realizando desde dia 11\/04 a pr\u00e1tica de exerc\u00edcios e alongamentos que tem promovido v\u00e1rios benef\u00edcios aos servidores da institui\u00e7\u00e3o.<!--more--> A iniciativa conta com a <em>colabora\u00e7\u00e3o<\/em> da <em>Professora Divina Santos<\/em> e vem proporcionando melhorias no dia a dia dos servidores.<\/p>\n<p>As <strong>aulas de Gin\u00e1stica Laboral<\/strong> acontecem todas as <strong>segundas-feiras, das 10:00 \u00e0s 10:15 horas<\/strong>, no hor\u00e1rio de Intervalo (matutino) e <strong>quintas-feiras, das 16:00 \u00e0s 16:15 horas<\/strong>, no hor\u00e1rio de Intervalo(vespertino), na sala de videoconfer\u00eancia(EAD).<\/p>\n<p>\n\t\t<style type=\"text\/css\">\n\t\t\t#gallery-1 {\n\t\t\t\tmargin: auto;\n\t\t\t}\n\t\t\t#gallery-1 .gallery-item {\n\t\t\t\tfloat: left;\n\t\t\t\tmargin-top: 10px;\n\t\t\t\ttext-align: center;\n\t\t\t\twidth: 25%;\n\t\t\t}\n\t\t\t#gallery-1 img {\n\t\t\t\tborder: 2px solid #cfcfcf;\n\t\t\t}\n\t\t\t#gallery-1 .gallery-caption {\n\t\t\t\tmargin-left: 0;\n\t\t\t}\n\t\t\t\/* see gallery_shortcode() in wp-includes\/media.php *\/\n\t\t<\/style>\n\t\t<div id='gallery-1' class='gallery galleryid-5683 gallery-columns-4 gallery-size-thumbnail'><dl class='gallery-item'>\n\t\t\t<dt class='gallery-icon landscape'>\n\t\t\t\t<a href='https:\/\/www.ifbaiano.edu.br\/unidades\/lapa\/files\/2016\/04\/atv-fis-1.jpg'><img width=\"150\" height=\"84\" src=\"https:\/\/www.ifbaiano.edu.br\/unidades\/lapa\/files\/2016\/04\/atv-fis-1.jpg\" class=\"attachment-thumbnail size-thumbnail\" alt=\"\" decoding=\"async\" loading=\"lazy\" \/><\/a>\n\t\t\t<\/dt><\/dl><dl class='gallery-item'>\n\t\t\t<dt class='gallery-icon landscape'>\n\t\t\t\t<a href='https:\/\/www.ifbaiano.edu.br\/unidades\/lapa\/files\/2016\/04\/atv-fis-2.jpg'><img width=\"150\" height=\"84\" src=\"https:\/\/www.ifbaiano.edu.br\/unidades\/lapa\/files\/2016\/04\/atv-fis-2.jpg\" class=\"attachment-thumbnail size-thumbnail\" alt=\"\" decoding=\"async\" loading=\"lazy\" \/><\/a>\n\t\t\t<\/dt><\/dl><dl class='gallery-item'>\n\t\t\t<dt class='gallery-icon landscape'>\n\t\t\t\t<a href='https:\/\/www.ifbaiano.edu.br\/unidades\/lapa\/files\/2016\/04\/atv-fis-3.jpg'><img width=\"150\" height=\"84\" src=\"https:\/\/www.ifbaiano.edu.br\/unidades\/lapa\/files\/2016\/04\/atv-fis-3.jpg\" class=\"attachment-thumbnail size-thumbnail\" alt=\"\" decoding=\"async\" loading=\"lazy\" \/><\/a>\n\t\t\t<\/dt><\/dl><dl class='gallery-item'>\n\t\t\t<dt class='gallery-icon landscape'>\n\t\t\t\t<a href='https:\/\/www.ifbaiano.edu.br\/unidades\/lapa\/files\/2016\/04\/atv-fis-4.jpg'><img width=\"150\" height=\"84\" src=\"https:\/\/www.ifbaiano.edu.br\/unidades\/lapa\/files\/2016\/04\/atv-fis-4.jpg\" class=\"attachment-thumbnail size-thumbnail\" alt=\"\" decoding=\"async\" loading=\"lazy\" \/><\/a>\n\t\t\t<\/dt><\/dl><br style=\"clear: both\" \/>\n\t\t<\/div>\n<br \/>\n<strong>Fonte:<\/strong> <em>N\u00facleo de Gest\u00e3o de Pessoas &#8211; Campus Bom Jesus da Lapa<\/em><\/p>\n<hr \/>\n","protected":false},"excerpt":{"rendered":"<p>O N\u00facleo de Apoio a Gest\u00e3o de Pessoas, visando promover a pr\u00e1tica de sa\u00fade no trabalho e assim prevenir doen\u00e7as t\u00edpicas da atividade laboral, vem realizando desde dia 11\/04 a pr\u00e1tica de exerc\u00edcios e alongamentos que tem promovido v\u00e1rios benef\u00edcios aos servidores da institui\u00e7\u00e3o.<\/p>\n","protected":false},"author":65,"featured_media":5725,"comment_status":"open","ping_status":"open","sticky":false,"template":"","format":"standard","meta":[],"categories":[24],"tags":[],"_links":{"self":[{"href":"https:\/\/www.ifbaiano.edu.br\/unidades\/lapa\/wp-json\/wp\/v2\/posts\/5683"}],"collection":[{"href":"https:\/\/www.ifbaiano.edu.br\/unidades\/lapa\/wp-json\/wp\/v2\/posts"}],"about":[{"href":"https:\/\/www.ifbaiano.edu.br\/unidades\/lapa\/wp-json\/wp\/v2\/types\/post"}],"author":[{"embeddable":true,"href":"https:\/\/www.ifbaiano.edu.br\/unidades\/lapa\/wp-json\/wp\/v2\/users\/65"}],"replies":[{"embeddable":true,"href":"https:\/\/www.ifbaiano.edu.br\/unidades\/lapa\/wp-json\/wp\/v2\/comments?post=5683"}],"version-history":[{"count":38,"href":"https:\/\/www.ifbaiano.edu.br\/unidades\/lapa\/wp-json\/wp\/v2\/posts\/5683\/revisions"}],"predecessor-version":[{"id":5724,"href":"https:\/\/www.ifbaiano.edu.br\/unidades\/lapa\/wp-json\/wp\/v2\/posts\/5683\/revisions\/5724"}],"wp:featuredmedia":[{"embeddable":true,"href":"https:\/\/www.ifbaiano.edu.br\/unidades\/lapa\/wp-json\/wp\/v2\/media\/5725"}],"wp:attachment":[{"href":"https:\/\/www.ifbaiano.edu.br\/unidades\/lapa\/wp-json\/wp\/v2\/media?parent=5683"}],"wp:term":[{"taxonomy":"category","embeddable":true,"href":"https:\/\/www.ifbaiano.edu.br\/unidades\/lapa\/wp-json\/wp\/v2\/categories?post=5683"},{"taxonomy":"post_tag","embeddable":true,"href":"https:\/\/www.ifbaiano.edu.br\/unidades\/lapa\/wp-json\/wp\/v2\/tags?post=5683"}],"curies":[{"name":"wp","href":"https:\/\/api.w.org\/{rel}","templated":true}]}}