{"id":5764,"date":"2016-04-28T09:30:38","date_gmt":"2016-04-28T11:30:38","guid":{"rendered":"http:\/\/www.ifbaiano.edu.br\/unidades\/lapa\/?p=5764"},"modified":"2016-04-28T13:42:27","modified_gmt":"2016-04-28T15:42:27","slug":"atencao-estudantes-do-curso-de-agronomia-houve-mudancas-no-periodo-de-rematricula","status":"publish","type":"post","link":"https:\/\/www.ifbaiano.edu.br\/unidades\/lapa\/2016\/04\/28\/atencao-estudantes-do-curso-de-agronomia-houve-mudancas-no-periodo-de-rematricula\/","title":{"rendered":"Aten\u00e7\u00e3o Estudantes do Curso de Agronomia houve RETIFICA\u00c7\u00c3O no Per\u00edodo de Rematr\u00edcula!"},"content":{"rendered":"<p>Prezados(as) Discentes do Curso Bacharelado em Engenharia Agron\u00f4mica:<\/p>\n<p>Em rela\u00e7\u00e3o \u00e0 publica\u00e7\u00e3o anterior retificamos a data de rematr\u00edcula.<\/p>\n<p style=\"padding-left: 30px\"><strong>Onde se l\u00ea:<\/strong><br \/>\n<strong>1. Rematr\u00edcula para o per\u00edodo letivo 2016.1:\u00a0<\/strong><em>05 a 06 de maio\u00a0de 2016<\/em>.<\/p>\n<p style=\"padding-left: 30px\"><strong>Leia-se:<\/strong><br \/>\n<strong>1. Rematr\u00edcula para o per\u00edodo letivo 2016.1: <\/strong><em>02 a 06 de maio de 2016<\/em>.<\/p>\n<p style=\"text-align: justify\"><strong>Observa\u00e7\u00e3o:<\/strong> Para os discentes que n\u00e3o poder\u00e3o comparecer no per\u00edodo de rematr\u00edcula do Curso Superior, <strong>02 a 06 de maio<\/strong>, envio modelo de procura\u00e7\u00e3o particular que poder\u00e1 ser seguido para facilitar para voc\u00eas. Lembrando que a procura\u00e7\u00e3o deve estar com firma reconhecida em cart\u00f3rio, conforme determina a Organiza\u00e7\u00e3o Did\u00e1tica da Educa\u00e7\u00e3o Superior do IF Baiano.<\/p>\n<p><a title=\"Modelo de Procura\u00e7\u00e3o\" href=\"http:\/\/www.ifbaiano.edu.br\/unidades\/lapa\/files\/2016\/04\/Modelo-de-procura\u00e7\u00e3o-particular-enviado-pela-SGRA.odt\" target=\"_blank\">&#8211; MODELO DE PROCURA\u00c7\u00c3O.<\/a><\/p>\n<p>Qualquer d\u00favida, estamos a sua disposi\u00e7\u00e3o.<\/p>\n<p>Atenciosamente,<\/p>\n<p><strong>SECRETARIA DE REGISTROS ACAD\u00caMICOS (SRA)<\/strong><\/p>\n<hr \/>\n","protected":false},"excerpt":{"rendered":"<p>Prezados(as) Discentes do Curso Bacharelado em Engenharia Agron\u00f4mica: Em rela\u00e7\u00e3o \u00e0 publica\u00e7\u00e3o anterior retificamos a data de rematr\u00edcula. Onde se l\u00ea: 1. Rematr\u00edcula para o per\u00edodo letivo 2016.1:\u00a005 a 06 de maio\u00a0de 2016. Leia-se: 1. Rematr\u00edcula para o per\u00edodo letivo 2016.1: 02 a 06 de maio de 2016. Observa\u00e7\u00e3o: Para os discentes que n\u00e3o poder\u00e3o [&hellip;]<\/p>\n","protected":false},"author":65,"featured_media":0,"comment_status":"open","ping_status":"open","sticky":false,"template":"","format":"standard","meta":[],"categories":[24],"tags":[],"_links":{"self":[{"href":"https:\/\/www.ifbaiano.edu.br\/unidades\/lapa\/wp-json\/wp\/v2\/posts\/5764"}],"collection":[{"href":"https:\/\/www.ifbaiano.edu.br\/unidades\/lapa\/wp-json\/wp\/v2\/posts"}],"about":[{"href":"https:\/\/www.ifbaiano.edu.br\/unidades\/lapa\/wp-json\/wp\/v2\/types\/post"}],"author":[{"embeddable":true,"href":"https:\/\/www.ifbaiano.edu.br\/unidades\/lapa\/wp-json\/wp\/v2\/users\/65"}],"replies":[{"embeddable":true,"href":"https:\/\/www.ifbaiano.edu.br\/unidades\/lapa\/wp-json\/wp\/v2\/comments?post=5764"}],"version-history":[{"count":21,"href":"https:\/\/www.ifbaiano.edu.br\/unidades\/lapa\/wp-json\/wp\/v2\/posts\/5764\/revisions"}],"predecessor-version":[{"id":5785,"href":"https:\/\/www.ifbaiano.edu.br\/unidades\/lapa\/wp-json\/wp\/v2\/posts\/5764\/revisions\/5785"}],"wp:attachment":[{"href":"https:\/\/www.ifbaiano.edu.br\/unidades\/lapa\/wp-json\/wp\/v2\/media?parent=5764"}],"wp:term":[{"taxonomy":"category","embeddable":true,"href":"https:\/\/www.ifbaiano.edu.br\/unidades\/lapa\/wp-json\/wp\/v2\/categories?post=5764"},{"taxonomy":"post_tag","embeddable":true,"href":"https:\/\/www.ifbaiano.edu.br\/unidades\/lapa\/wp-json\/wp\/v2\/tags?post=5764"}],"curies":[{"name":"wp","href":"https:\/\/api.w.org\/{rel}","templated":true}]}}