{"id":5798,"date":"2016-05-03T17:17:41","date_gmt":"2016-05-03T19:17:41","guid":{"rendered":"http:\/\/www.ifbaiano.edu.br\/unidades\/lapa\/?p=5798"},"modified":"2016-05-09T08:58:42","modified_gmt":"2016-05-09T10:58:42","slug":"campus-bom-jesus-da-lapa-divulga-edital-de-processo-seletivo-para-professor-substituto-na-area-de-informatica","status":"publish","type":"post","link":"https:\/\/www.ifbaiano.edu.br\/unidades\/lapa\/2016\/05\/03\/campus-bom-jesus-da-lapa-divulga-edital-de-processo-seletivo-para-professor-substituto-na-area-de-informatica\/","title":{"rendered":"Campus Bom Jesus da Lapa divulga Edital de Processo Seletivo para professor Substituto na \u00c1rea de Inform\u00e1tica"},"content":{"rendered":"<div style=\"text-align: justify\">As inscri\u00e7\u00f5es ser\u00e3o realizadas no per\u00edodo de 04 a 20 de maio de 2016. A contrata\u00e7\u00e3o ser\u00e1 de um ano, renov\u00e1vel por mais um.<\/div>\n<div style=\"text-align: justify\"><!--more--><\/div>\n<div style=\"text-align: justify\">O REITOR DO INSTITUTO FEDERAL DE EDUCA\u00c7\u00c3O, CI\u00caNCIA E TECNOLOGIA BAIANO, no uso de suas atribui\u00e7\u00f5es legais, nos termos da Lei n\u00ba 8.745\/93 e suas altera\u00e7\u00f5es posteriores e nas demais legisla\u00e7\u00f5es que regem a mat\u00e9ria, TORNA P\u00daBLICO o <strong>Processo Seletivo Simplificado para a contrata\u00e7\u00e3o de Professor Substituto<\/strong> para o Campus Bom Jesus da Lapa, Processo n\u00ba\u00a0<a href=\"23328.000108\">23328.000108<\/a>\/2016-81, conforme quadro abaixo:<\/div>\n<div>\n<div align=\"center\">\n<table border=\"1\" cellspacing=\"0\" cellpadding=\"0\">\n<tbody>\n<tr>\n<td width=\"108\">\n<p align=\"center\">\u00c1REA DE<\/p>\n<p align=\"center\">CONHECIMENTO<\/p>\n<\/td>\n<td width=\"184\">\n<p align=\"center\">FORMA\u00c7\u00c3O ACAD\u00caMICA EXIGIDA<\/p>\n<\/td>\n<td width=\"61\">\n<p align=\"center\">\u00a0VAGAS<\/p>\n<\/td>\n<td width=\"74\">\n<p align=\"center\">TIPO<\/p>\n<\/td>\n<td width=\"95\">\n<p align=\"center\">JORNADA DE TRABALHO<\/p>\n<\/td>\n<td width=\"138\">\n<p align=\"center\">REMUNERA\u00c7\u00c3O MENSAL<\/p>\n<\/td>\n<td width=\"91\">\n<p align=\"center\">VIG\u00caNCIA DO CONTRATO<\/p>\n<\/td>\n<\/tr>\n<tr>\n<td width=\"108\">Inform\u00e1tica<\/td>\n<td width=\"184\">Gradua\u00e7\u00e3o na \u00c1rea de Inform\u00e1tica (diploma reconhecido pelo MEC)<\/td>\n<td width=\"61\">\n<p align=\"center\">1<\/p>\n<\/td>\n<td width=\"74\">\n<p align=\"center\">Substituto<\/p>\n<\/td>\n<td width=\"95\">\n<p align=\"center\">40 horas<\/p>\n<\/td>\n<td width=\"138\">\n<p align=\"center\">R$ 2.814,01 (Vencimento B\u00e1sico) + R$ 373,00 (Aux\u00edlio Alimenta\u00e7\u00e3o)<\/p>\n<\/td>\n<td width=\"91\">\n<p align=\"center\">At\u00e9 12 meses<\/p>\n<\/td>\n<\/tr>\n<\/tbody>\n<\/table>\n<\/div>\n<p style=\"text-align: justify\">O prazo de validade deste Processo Seletivo Simplificado ser\u00e1 de 1 ano, contado a partir da data de publica\u00e7\u00e3o da homologa\u00e7\u00e3o do resultado final no Di\u00e1rio Oficial da Uni\u00e3o, podendo ser prorrogado por igual per\u00edodo.<\/p>\n<p style=\"text-align: justify\">As <strong>inscri\u00e7\u00f5es estar\u00e3o abertas a partir de\u00a004\/05\/2016\u00a0a 20\/05\/2016<\/strong><strong>.<\/strong><\/p>\n<p style=\"text-align: justify\">Editais, Retifica\u00e7\u00f5es e Notas Informativas:<\/p>\n<p style=\"text-align: justify\">&#8211; <a title=\"Extrato Edital n\u00ba 32 - Publicado no DOU n\u00ba 83 de 03.05.2016\" href=\"http:\/\/www.ifbaiano.edu.br\/unidades\/lapa\/files\/2016\/05\/extrato-edital.pdf\" target=\"_blank\">Extrato do Edital<\/a><\/p>\n<p style=\"text-align: justify\">&#8211; <a title=\"Edital n\u00ba 32 de 02.05.2016 Prof. Subst. BJL\" href=\"http:\/\/www.ifbaiano.edu.br\/unidades\/lapa\/files\/2016\/05\/Edital_32_-substituto_Informatica_2016.pdf\" target=\"_blank\">Edital<\/a><\/p>\n<p style=\"text-align: justify\">Observa\u00e7\u00e3o: Essa publica\u00e7\u00e3o ser\u00e1 sempre atualizada de acordo os cronogramas do certame, <a title=\"Concursos e Sele\u00e7\u00f5es\" href=\"http:\/\/www.ifbaiano.edu.br\/unidades\/lapa\/category\/concursos-e-selecoes\/concursos\/\" target=\"_blank\">acompanhe aqui<\/a>!<\/p>\n<\/div>\n<hr \/>\n","protected":false},"excerpt":{"rendered":"<p>As inscri\u00e7\u00f5es ser\u00e3o realizadas no per\u00edodo de 04 a 20 de maio de 2016. A contrata\u00e7\u00e3o ser\u00e1 de um ano, renov\u00e1vel por mais um.<\/p>\n","protected":false},"author":36,"featured_media":0,"comment_status":"open","ping_status":"open","sticky":false,"template":"","format":"standard","meta":[],"categories":[36,34],"tags":[],"_links":{"self":[{"href":"https:\/\/www.ifbaiano.edu.br\/unidades\/lapa\/wp-json\/wp\/v2\/posts\/5798"}],"collection":[{"href":"https:\/\/www.ifbaiano.edu.br\/unidades\/lapa\/wp-json\/wp\/v2\/posts"}],"about":[{"href":"https:\/\/www.ifbaiano.edu.br\/unidades\/lapa\/wp-json\/wp\/v2\/types\/post"}],"author":[{"embeddable":true,"href":"https:\/\/www.ifbaiano.edu.br\/unidades\/lapa\/wp-json\/wp\/v2\/users\/36"}],"replies":[{"embeddable":true,"href":"https:\/\/www.ifbaiano.edu.br\/unidades\/lapa\/wp-json\/wp\/v2\/comments?post=5798"}],"version-history":[{"count":11,"href":"https:\/\/www.ifbaiano.edu.br\/unidades\/lapa\/wp-json\/wp\/v2\/posts\/5798\/revisions"}],"predecessor-version":[{"id":5801,"href":"https:\/\/www.ifbaiano.edu.br\/unidades\/lapa\/wp-json\/wp\/v2\/posts\/5798\/revisions\/5801"}],"wp:attachment":[{"href":"https:\/\/www.ifbaiano.edu.br\/unidades\/lapa\/wp-json\/wp\/v2\/media?parent=5798"}],"wp:term":[{"taxonomy":"category","embeddable":true,"href":"https:\/\/www.ifbaiano.edu.br\/unidades\/lapa\/wp-json\/wp\/v2\/categories?post=5798"},{"taxonomy":"post_tag","embeddable":true,"href":"https:\/\/www.ifbaiano.edu.br\/unidades\/lapa\/wp-json\/wp\/v2\/tags?post=5798"}],"curies":[{"name":"wp","href":"https:\/\/api.w.org\/{rel}","templated":true}]}}