{"id":5859,"date":"2016-05-06T16:22:44","date_gmt":"2016-05-06T18:22:44","guid":{"rendered":"http:\/\/www.ifbaiano.edu.br\/unidades\/lapa\/?p=5859"},"modified":"2016-05-06T16:25:14","modified_gmt":"2016-05-06T18:25:14","slug":"comunicado-sobre-retorno-as-aulas-curso-de-agronomia-e-cursos-subsequentes","status":"publish","type":"post","link":"https:\/\/www.ifbaiano.edu.br\/unidades\/lapa\/2016\/05\/06\/comunicado-sobre-retorno-as-aulas-curso-de-agronomia-e-cursos-subsequentes\/","title":{"rendered":"Comunicado sobre retorno \u00e0s Aulas do semestre 2016.1 &#8211; Curso de Agronomia e Cursos Subsequentes"},"content":{"rendered":"<p>A Dire\u00e7\u00e3o Acad\u00eamica do Campus Bom Jesus da Lapa comunica que as aulas do semestre 2016.1 do curso Superior em Engenharia Agron\u00f4mica e dos cursos T\u00e9cnicos Subsequentes ter\u00e3o in\u00edcio no dia 09 de maio de 2016.<\/p>\n<p>&nbsp;<\/p>\n<p>Fonte: Dire\u00e7\u00e3o Acad\u00eamica<\/p>\n","protected":false},"excerpt":{"rendered":"<p>A Dire\u00e7\u00e3o Acad\u00eamica do Campus Bom Jesus da Lapa comunica que as aulas do semestre 2016.1 do curso Superior em Engenharia Agron\u00f4mica e dos cursos T\u00e9cnicos Subsequentes ter\u00e3o in\u00edcio no dia 09 de maio de 2016. &nbsp; Fonte: Dire\u00e7\u00e3o Acad\u00eamica<\/p>\n","protected":false},"author":36,"featured_media":0,"comment_status":"open","ping_status":"open","sticky":false,"template":"","format":"standard","meta":[],"categories":[39],"tags":[],"_links":{"self":[{"href":"https:\/\/www.ifbaiano.edu.br\/unidades\/lapa\/wp-json\/wp\/v2\/posts\/5859"}],"collection":[{"href":"https:\/\/www.ifbaiano.edu.br\/unidades\/lapa\/wp-json\/wp\/v2\/posts"}],"about":[{"href":"https:\/\/www.ifbaiano.edu.br\/unidades\/lapa\/wp-json\/wp\/v2\/types\/post"}],"author":[{"embeddable":true,"href":"https:\/\/www.ifbaiano.edu.br\/unidades\/lapa\/wp-json\/wp\/v2\/users\/36"}],"replies":[{"embeddable":true,"href":"https:\/\/www.ifbaiano.edu.br\/unidades\/lapa\/wp-json\/wp\/v2\/comments?post=5859"}],"version-history":[{"count":4,"href":"https:\/\/www.ifbaiano.edu.br\/unidades\/lapa\/wp-json\/wp\/v2\/posts\/5859\/revisions"}],"predecessor-version":[{"id":5863,"href":"https:\/\/www.ifbaiano.edu.br\/unidades\/lapa\/wp-json\/wp\/v2\/posts\/5859\/revisions\/5863"}],"wp:attachment":[{"href":"https:\/\/www.ifbaiano.edu.br\/unidades\/lapa\/wp-json\/wp\/v2\/media?parent=5859"}],"wp:term":[{"taxonomy":"category","embeddable":true,"href":"https:\/\/www.ifbaiano.edu.br\/unidades\/lapa\/wp-json\/wp\/v2\/categories?post=5859"},{"taxonomy":"post_tag","embeddable":true,"href":"https:\/\/www.ifbaiano.edu.br\/unidades\/lapa\/wp-json\/wp\/v2\/tags?post=5859"}],"curies":[{"name":"wp","href":"https:\/\/api.w.org\/{rel}","templated":true}]}}