{"id":589,"date":"2012-10-08T17:02:45","date_gmt":"2012-10-08T19:02:45","guid":{"rendered":"http:\/\/www.ifbaiano.edu.br\/unidades\/lapa\/?p=589"},"modified":"2012-10-08T17:19:31","modified_gmt":"2012-10-08T19:19:31","slug":"campus-bom-jesus-da-lapa-representado-no-xxi-encontro-nacional-de-geografia","status":"publish","type":"post","link":"https:\/\/www.ifbaiano.edu.br\/unidades\/lapa\/2012\/10\/08\/campus-bom-jesus-da-lapa-representado-no-xxi-encontro-nacional-de-geografia\/","title":{"rendered":"Campus Bom Jesus da Lapa representado no XXI Encontro Nacional de Geografia"},"content":{"rendered":"<p style=\"text-align: justify\">O evento acontecer\u00e1 na Universidade Federal de Uberl\u00e2ndia, entre 15 e 19 de outubro.<!--more--><\/p>\n<p>Os professores Davi da Silva Costa e Heron Ferreira Souza representar\u00e3o o Campus Bom Jesus da Lapa no XXI Encontro Nacional de Geografia Agr\u00e1ria: \u201cTerrit\u00f3rios em Disputa: Os desafios da Geografia Agr\u00e1ria nas Contradi\u00e7\u00f5es do Desenvolvimento Brasileiro\u201d, que ser\u00e1 realizado em Uberl\u00e2ndia, Minas Gerais, na Universidade Federal de Uberl\u00e2ndia, entre 15 e 19 de outubro. Os referidos professores apresentar\u00e3o o artigo<strong>:<\/strong> jovens no rural baiano: perspectivas de an\u00e1lise a partir de m\u00faltiplas refer\u00eancias.<\/p>\n<p><a href=\"http:\/\/www.ifbaiano.edu.br\/unidades\/lapa\/files\/2012\/10\/encontro.png\"><img decoding=\"async\" loading=\"lazy\" src=\"http:\/\/www.ifbaiano.edu.br\/unidades\/lapa\/files\/2012\/10\/encontro-300x168.png\" alt=\"\" width=\"300\" height=\"168\" \/><\/a><\/p>\n<p style=\"text-align: justify\">\n<p style=\"text-align: justify\">\n<p style=\"text-align: justify\">\n","protected":false},"excerpt":{"rendered":"<p>O evento acontecer\u00e1 na Universidade Federal de Uberl\u00e2ndia, entre 15 e 19 de outubro.<\/p>\n","protected":false},"author":23,"featured_media":0,"comment_status":"open","ping_status":"open","sticky":false,"template":"","format":"standard","meta":[],"categories":[24],"tags":[],"_links":{"self":[{"href":"https:\/\/www.ifbaiano.edu.br\/unidades\/lapa\/wp-json\/wp\/v2\/posts\/589"}],"collection":[{"href":"https:\/\/www.ifbaiano.edu.br\/unidades\/lapa\/wp-json\/wp\/v2\/posts"}],"about":[{"href":"https:\/\/www.ifbaiano.edu.br\/unidades\/lapa\/wp-json\/wp\/v2\/types\/post"}],"author":[{"embeddable":true,"href":"https:\/\/www.ifbaiano.edu.br\/unidades\/lapa\/wp-json\/wp\/v2\/users\/23"}],"replies":[{"embeddable":true,"href":"https:\/\/www.ifbaiano.edu.br\/unidades\/lapa\/wp-json\/wp\/v2\/comments?post=589"}],"version-history":[{"count":3,"href":"https:\/\/www.ifbaiano.edu.br\/unidades\/lapa\/wp-json\/wp\/v2\/posts\/589\/revisions"}],"predecessor-version":[{"id":591,"href":"https:\/\/www.ifbaiano.edu.br\/unidades\/lapa\/wp-json\/wp\/v2\/posts\/589\/revisions\/591"}],"wp:attachment":[{"href":"https:\/\/www.ifbaiano.edu.br\/unidades\/lapa\/wp-json\/wp\/v2\/media?parent=589"}],"wp:term":[{"taxonomy":"category","embeddable":true,"href":"https:\/\/www.ifbaiano.edu.br\/unidades\/lapa\/wp-json\/wp\/v2\/categories?post=589"},{"taxonomy":"post_tag","embeddable":true,"href":"https:\/\/www.ifbaiano.edu.br\/unidades\/lapa\/wp-json\/wp\/v2\/tags?post=589"}],"curies":[{"name":"wp","href":"https:\/\/api.w.org\/{rel}","templated":true}]}}