{"id":5984,"date":"2016-05-11T19:16:18","date_gmt":"2016-05-11T21:16:18","guid":{"rendered":"http:\/\/www.ifbaiano.edu.br\/unidades\/lapa\/?p=5984"},"modified":"2016-05-11T19:16:18","modified_gmt":"2016-05-11T21:16:18","slug":"campus-bom-jesus-da-lapa-realiza-ii-mostra-do-projeto-encantos-da-bacia","status":"publish","type":"post","link":"https:\/\/www.ifbaiano.edu.br\/unidades\/lapa\/2016\/05\/11\/campus-bom-jesus-da-lapa-realiza-ii-mostra-do-projeto-encantos-da-bacia\/","title":{"rendered":"Campus Bom Jesus da Lapa realiza II Mostra do Projeto Encantos da Bacia"},"content":{"rendered":"<p>Evento aconteceu no \u00faltimo dia 30 de abril, no audit\u00f3rio do Campus.<\/p>\n<p>Marcado pela presen\u00e7a de artistas com trajet\u00f3ria profissional vinculada \u00e0 cultura dos Territ\u00f3rios que comp\u00f5em a Bacia do Velho Chico, o dia 30 de abril ficou registrado na hist\u00f3ria do Campus, em raz\u00e3o da expressiva presen\u00e7a da comunidade na II Mostra Musical do Projeto Encantos da Bacia, desenvolvido pelo Governo do Estado em parceria com o IF Baiano &#8211; Campus Bom Jesus da Lapa. Fizeram-se presentes os grupos: Iremar e as Chulas de Couro de Correntina; Professor Zezinho e Banda; Banda Natiurb &#8211; Uneb; Grupo Terno e Lamparina. Segundo o Diretor Acad\u00eamico do Campus, o servidor Junio Batista, o evento refor\u00e7a o papel das institui\u00e7\u00f5es p\u00fablicas de ensino, em fomentar parcerias em favor do fortalecimento da cultura no \u00e2mbito do Territ\u00f3rio.<\/p>\n<p>Confiram algumas fotos:<\/p>\n<p style=\"text-align: center\"><a href=\"http:\/\/www.ifbaiano.edu.br\/unidades\/lapa\/files\/2016\/05\/encantos.jpg\"><img decoding=\"async\" loading=\"lazy\" class=\"aligncenter size-full wp-image-5985\" src=\"http:\/\/www.ifbaiano.edu.br\/unidades\/lapa\/files\/2016\/05\/encantos.jpg\" alt=\"\" width=\"691\" height=\"415\" \/><\/a><\/p>\n","protected":false},"excerpt":{"rendered":"<p>Evento aconteceu no \u00faltimo dia 30 de abril, no audit\u00f3rio do Campus. Marcado pela presen\u00e7a de artistas com trajet\u00f3ria profissional vinculada \u00e0 cultura dos Territ\u00f3rios que comp\u00f5em a Bacia do Velho Chico, o dia 30 de abril ficou registrado na hist\u00f3ria do Campus, em raz\u00e3o da expressiva presen\u00e7a da comunidade na II Mostra Musical do [&hellip;]<\/p>\n","protected":false},"author":36,"featured_media":0,"comment_status":"open","ping_status":"open","sticky":false,"template":"","format":"standard","meta":[],"categories":[1],"tags":[],"_links":{"self":[{"href":"https:\/\/www.ifbaiano.edu.br\/unidades\/lapa\/wp-json\/wp\/v2\/posts\/5984"}],"collection":[{"href":"https:\/\/www.ifbaiano.edu.br\/unidades\/lapa\/wp-json\/wp\/v2\/posts"}],"about":[{"href":"https:\/\/www.ifbaiano.edu.br\/unidades\/lapa\/wp-json\/wp\/v2\/types\/post"}],"author":[{"embeddable":true,"href":"https:\/\/www.ifbaiano.edu.br\/unidades\/lapa\/wp-json\/wp\/v2\/users\/36"}],"replies":[{"embeddable":true,"href":"https:\/\/www.ifbaiano.edu.br\/unidades\/lapa\/wp-json\/wp\/v2\/comments?post=5984"}],"version-history":[{"count":2,"href":"https:\/\/www.ifbaiano.edu.br\/unidades\/lapa\/wp-json\/wp\/v2\/posts\/5984\/revisions"}],"predecessor-version":[{"id":5987,"href":"https:\/\/www.ifbaiano.edu.br\/unidades\/lapa\/wp-json\/wp\/v2\/posts\/5984\/revisions\/5987"}],"wp:attachment":[{"href":"https:\/\/www.ifbaiano.edu.br\/unidades\/lapa\/wp-json\/wp\/v2\/media?parent=5984"}],"wp:term":[{"taxonomy":"category","embeddable":true,"href":"https:\/\/www.ifbaiano.edu.br\/unidades\/lapa\/wp-json\/wp\/v2\/categories?post=5984"},{"taxonomy":"post_tag","embeddable":true,"href":"https:\/\/www.ifbaiano.edu.br\/unidades\/lapa\/wp-json\/wp\/v2\/tags?post=5984"}],"curies":[{"name":"wp","href":"https:\/\/api.w.org\/{rel}","templated":true}]}}