{"id":5990,"date":"2016-05-16T13:56:59","date_gmt":"2016-05-16T15:56:59","guid":{"rendered":"http:\/\/www.ifbaiano.edu.br\/unidades\/lapa\/?p=5990"},"modified":"2016-05-16T13:56:59","modified_gmt":"2016-05-16T15:56:59","slug":"campus-lapa-oferta-curso-de-pre-calculo-paras-os-alunos-do-ensino-superior","status":"publish","type":"post","link":"https:\/\/www.ifbaiano.edu.br\/unidades\/lapa\/2016\/05\/16\/campus-lapa-oferta-curso-de-pre-calculo-paras-os-alunos-do-ensino-superior\/","title":{"rendered":"Campus Lapa oferta curso de Pr\u00e9-C\u00e1lculo paras os alunos do ensino superior"},"content":{"rendered":"<p>Projeto visa oferecer aos estudantes a amplia\u00e7\u00e3o das oportunidades para uma aprendizagem satisfat\u00f3ria.<\/p>\n<p><!--more-->\u00a0O projeto objetiva a realiza\u00e7\u00e3o de oficinas matem\u00e1ticas, em ambiente informatizado, com alunos da gradua\u00e7\u00e3o de Engenharia Agron\u00f4mica, do IF Baiano\/Campus Bom Jesus da Lapa. Espera-se que os alunos, no decorrer das aulas, aprendam os conceitos e significados em rela\u00e7\u00e3o \u00e0s variadas Fun\u00e7\u00f5es e \u00e0 Geometria Anal\u00edtica, adquirindo autonomia para resolver situa\u00e7\u00f5es-problema ligados \u00e0 Matem\u00e1tica e Agronomia. Ao final, busca-se uma aprendizagem satisfat\u00f3ria por partes alunos, deixando-os mais estimulados para a aplica\u00e7\u00e3o dos c\u00e1lculos alg\u00e9bricos na \u00e1rea da engenharia, principalmente pelo uso dos softwares GrafEq e Winplot.<br \/>\nPer\u00edodo de inscri\u00e7\u00e3o: 16\/05 a 20\/05 (No centro Acad\u00eamico &#8211; CA)<br \/>\nPer\u00edodo de realiza\u00e7\u00e3o: 24\/05 a 20\/06<br \/>\nCarga Hor\u00e1ria: 60h<br \/>\nProf. Ministrante: Edi\u00eanio Farias<br \/>\nP\u00fablico alvo: Estudantes da Engenharia Agron\u00f4mica<\/p>\n<p>&nbsp;<\/p>\n<p style=\"text-align: center\"><a href=\"http:\/\/www.ifbaiano.edu.br\/unidades\/lapa\/files\/2016\/05\/cartaz.jpg\"><img decoding=\"async\" loading=\"lazy\" class=\"aligncenter size-full wp-image-5991\" src=\"http:\/\/www.ifbaiano.edu.br\/unidades\/lapa\/files\/2016\/05\/cartaz.jpg\" alt=\"\" width=\"576\" height=\"432\" \/><\/a><\/p>\n","protected":false},"excerpt":{"rendered":"<p>Projeto visa oferecer aos estudantes a amplia\u00e7\u00e3o das oportunidades para uma aprendizagem satisfat\u00f3ria.<\/p>\n","protected":false},"author":36,"featured_media":0,"comment_status":"open","ping_status":"open","sticky":false,"template":"","format":"standard","meta":[],"categories":[39],"tags":[],"_links":{"self":[{"href":"https:\/\/www.ifbaiano.edu.br\/unidades\/lapa\/wp-json\/wp\/v2\/posts\/5990"}],"collection":[{"href":"https:\/\/www.ifbaiano.edu.br\/unidades\/lapa\/wp-json\/wp\/v2\/posts"}],"about":[{"href":"https:\/\/www.ifbaiano.edu.br\/unidades\/lapa\/wp-json\/wp\/v2\/types\/post"}],"author":[{"embeddable":true,"href":"https:\/\/www.ifbaiano.edu.br\/unidades\/lapa\/wp-json\/wp\/v2\/users\/36"}],"replies":[{"embeddable":true,"href":"https:\/\/www.ifbaiano.edu.br\/unidades\/lapa\/wp-json\/wp\/v2\/comments?post=5990"}],"version-history":[{"count":2,"href":"https:\/\/www.ifbaiano.edu.br\/unidades\/lapa\/wp-json\/wp\/v2\/posts\/5990\/revisions"}],"predecessor-version":[{"id":5993,"href":"https:\/\/www.ifbaiano.edu.br\/unidades\/lapa\/wp-json\/wp\/v2\/posts\/5990\/revisions\/5993"}],"wp:attachment":[{"href":"https:\/\/www.ifbaiano.edu.br\/unidades\/lapa\/wp-json\/wp\/v2\/media?parent=5990"}],"wp:term":[{"taxonomy":"category","embeddable":true,"href":"https:\/\/www.ifbaiano.edu.br\/unidades\/lapa\/wp-json\/wp\/v2\/categories?post=5990"},{"taxonomy":"post_tag","embeddable":true,"href":"https:\/\/www.ifbaiano.edu.br\/unidades\/lapa\/wp-json\/wp\/v2\/tags?post=5990"}],"curies":[{"name":"wp","href":"https:\/\/api.w.org\/{rel}","templated":true}]}}