{"id":6038,"date":"2016-05-30T17:55:06","date_gmt":"2016-05-30T19:55:06","guid":{"rendered":"http:\/\/www.ifbaiano.edu.br\/unidades\/lapa\/?p=6038"},"modified":"2016-05-30T17:55:06","modified_gmt":"2016-05-30T19:55:06","slug":"parecer-sobre-requerimentos-discentes-publicacao-n%c2%ba-14-2016","status":"publish","type":"post","link":"https:\/\/www.ifbaiano.edu.br\/unidades\/lapa\/2016\/05\/30\/parecer-sobre-requerimentos-discentes-publicacao-n%c2%ba-14-2016\/","title":{"rendered":"Parecer Sobre Requerimentos Discentes, Publica\u00e7\u00e3o n\u00ba 14 \/2016"},"content":{"rendered":"<p>O Diretor Acad\u00eamico do IF Baiano &#8211; Campus Bom Jesus da Lapa , no uso de suas atribui\u00e7\u00f5es, torna p\u00fablico o Parecer dos requerimentos entregues \u00e0 Secretaria de Registros Acad\u00eamicos<\/p>\n<p><a href=\"http:\/\/www.ifbaiano.edu.br\/unidades\/lapa\/files\/2016\/05\/PARECER-14-30-05-de-2016.pdf\"><br \/>\n<\/a><\/p>\n<p><a href=\"http:\/\/www.ifbaiano.edu.br\/unidades\/lapa\/files\/2016\/05\/PARECER-14-30-05-de-2016.pdf\">Acesse Aqui<\/a><\/p>\n<p>&nbsp;<\/p>\n<p>&nbsp;<\/p>\n<p>.<\/p>\n","protected":false},"excerpt":{"rendered":"<p>O Diretor Acad\u00eamico do IF Baiano &#8211; Campus Bom Jesus da Lapa , no uso de suas atribui\u00e7\u00f5es, torna p\u00fablico o Parecer dos requerimentos entregues \u00e0 Secretaria de Registros Acad\u00eamicos Acesse Aqui &nbsp; &nbsp; .<\/p>\n","protected":false},"author":58,"featured_media":0,"comment_status":"open","ping_status":"open","sticky":false,"template":"","format":"standard","meta":[],"categories":[1],"tags":[],"_links":{"self":[{"href":"https:\/\/www.ifbaiano.edu.br\/unidades\/lapa\/wp-json\/wp\/v2\/posts\/6038"}],"collection":[{"href":"https:\/\/www.ifbaiano.edu.br\/unidades\/lapa\/wp-json\/wp\/v2\/posts"}],"about":[{"href":"https:\/\/www.ifbaiano.edu.br\/unidades\/lapa\/wp-json\/wp\/v2\/types\/post"}],"author":[{"embeddable":true,"href":"https:\/\/www.ifbaiano.edu.br\/unidades\/lapa\/wp-json\/wp\/v2\/users\/58"}],"replies":[{"embeddable":true,"href":"https:\/\/www.ifbaiano.edu.br\/unidades\/lapa\/wp-json\/wp\/v2\/comments?post=6038"}],"version-history":[{"count":3,"href":"https:\/\/www.ifbaiano.edu.br\/unidades\/lapa\/wp-json\/wp\/v2\/posts\/6038\/revisions"}],"predecessor-version":[{"id":6042,"href":"https:\/\/www.ifbaiano.edu.br\/unidades\/lapa\/wp-json\/wp\/v2\/posts\/6038\/revisions\/6042"}],"wp:attachment":[{"href":"https:\/\/www.ifbaiano.edu.br\/unidades\/lapa\/wp-json\/wp\/v2\/media?parent=6038"}],"wp:term":[{"taxonomy":"category","embeddable":true,"href":"https:\/\/www.ifbaiano.edu.br\/unidades\/lapa\/wp-json\/wp\/v2\/categories?post=6038"},{"taxonomy":"post_tag","embeddable":true,"href":"https:\/\/www.ifbaiano.edu.br\/unidades\/lapa\/wp-json\/wp\/v2\/tags?post=6038"}],"curies":[{"name":"wp","href":"https:\/\/api.w.org\/{rel}","templated":true}]}}