{"id":6047,"date":"2016-06-01T08:59:24","date_gmt":"2016-06-01T10:59:24","guid":{"rendered":"http:\/\/www.ifbaiano.edu.br\/unidades\/lapa\/?p=6047"},"modified":"2016-06-01T08:59:24","modified_gmt":"2016-06-01T10:59:24","slug":"coro-baiano-encanto-do-campus-bom-jesus-da-lapa-participou-do-encerramento-do-projeto-encantos-da-bacia","status":"publish","type":"post","link":"https:\/\/www.ifbaiano.edu.br\/unidades\/lapa\/2016\/06\/01\/coro-baiano-encanto-do-campus-bom-jesus-da-lapa-participou-do-encerramento-do-projeto-encantos-da-bacia\/","title":{"rendered":"Coro Baiano Encanto do Campus Bom Jesus da Lapa participou do encerramento do Projeto Encantos da Bacia"},"content":{"rendered":"<p>Coro Baiano Encanto do Campus Bom Jesus da Lapa participou do encerramento do Projeto Encantos da Bacia, que reuniu diversos artistas da regi\u00e3o do Velho Chico em mostras musicais que ocorreram durante tr\u00eas meses consecutivos.<br \/>\nO grupo apresentou um repert\u00f3rio diversificado com m\u00fasicas de Alceu Valen\u00e7a, Dorival Caymmi e Edwin Hawkins (o famoso &#8220;Oh Happy Day&#8221;).<br \/>\nA noite contou tamb\u00e9m com a participa\u00e7\u00e3o do aluno Tobias Oliveira, que \u00e9 cantor e compositor.<\/p>\n<p>&nbsp;<\/p>\n<p>Confiram algumas fotos.<\/p>\n\n\t\t<style type=\"text\/css\">\n\t\t\t#gallery-1 {\n\t\t\t\tmargin: auto;\n\t\t\t}\n\t\t\t#gallery-1 .gallery-item {\n\t\t\t\tfloat: left;\n\t\t\t\tmargin-top: 10px;\n\t\t\t\ttext-align: center;\n\t\t\t\twidth: 33%;\n\t\t\t}\n\t\t\t#gallery-1 img {\n\t\t\t\tborder: 2px solid #cfcfcf;\n\t\t\t}\n\t\t\t#gallery-1 .gallery-caption {\n\t\t\t\tmargin-left: 0;\n\t\t\t}\n\t\t\t\/* see gallery_shortcode() in wp-includes\/media.php *\/\n\t\t<\/style>\n\t\t<div id='gallery-1' class='gallery galleryid-6047 gallery-columns-3 gallery-size-thumbnail'><dl class='gallery-item'>\n\t\t\t<dt class='gallery-icon landscape'>\n\t\t\t\t<a href='https:\/\/www.ifbaiano.edu.br\/unidades\/lapa\/files\/2016\/06\/IMG_6618-800x533.jpg'><img width=\"150\" height=\"100\" src=\"https:\/\/www.ifbaiano.edu.br\/unidades\/lapa\/files\/2016\/06\/IMG_6618-800x533.jpg\" class=\"attachment-thumbnail size-thumbnail\" alt=\"\" decoding=\"async\" loading=\"lazy\" \/><\/a>\n\t\t\t<\/dt><\/dl><dl class='gallery-item'>\n\t\t\t<dt class='gallery-icon landscape'>\n\t\t\t\t<a href='https:\/\/www.ifbaiano.edu.br\/unidades\/lapa\/files\/2016\/06\/IMG_6619-800x533.jpg'><img width=\"150\" height=\"100\" src=\"https:\/\/www.ifbaiano.edu.br\/unidades\/lapa\/files\/2016\/06\/IMG_6619-800x533.jpg\" class=\"attachment-thumbnail size-thumbnail\" alt=\"\" decoding=\"async\" loading=\"lazy\" \/><\/a>\n\t\t\t<\/dt><\/dl><dl class='gallery-item'>\n\t\t\t<dt class='gallery-icon landscape'>\n\t\t\t\t<a href='https:\/\/www.ifbaiano.edu.br\/unidades\/lapa\/files\/2016\/06\/IMG_6623-800x533.jpg'><img width=\"150\" height=\"100\" src=\"https:\/\/www.ifbaiano.edu.br\/unidades\/lapa\/files\/2016\/06\/IMG_6623-800x533.jpg\" class=\"attachment-thumbnail size-thumbnail\" alt=\"\" decoding=\"async\" loading=\"lazy\" \/><\/a>\n\t\t\t<\/dt><\/dl><br style=\"clear: both\" \/><dl class='gallery-item'>\n\t\t\t<dt class='gallery-icon landscape'>\n\t\t\t\t<a href='https:\/\/www.ifbaiano.edu.br\/unidades\/lapa\/files\/2016\/06\/IMG_6660-800x533.jpg'><img width=\"150\" height=\"100\" src=\"https:\/\/www.ifbaiano.edu.br\/unidades\/lapa\/files\/2016\/06\/IMG_6660-800x533.jpg\" class=\"attachment-thumbnail size-thumbnail\" alt=\"\" decoding=\"async\" loading=\"lazy\" \/><\/a>\n\t\t\t<\/dt><\/dl><dl class='gallery-item'>\n\t\t\t<dt class='gallery-icon landscape'>\n\t\t\t\t<a href='https:\/\/www.ifbaiano.edu.br\/unidades\/lapa\/files\/2016\/06\/IMG_6666-800x533.jpg'><img width=\"150\" height=\"100\" src=\"https:\/\/www.ifbaiano.edu.br\/unidades\/lapa\/files\/2016\/06\/IMG_6666-800x533.jpg\" class=\"attachment-thumbnail size-thumbnail\" alt=\"\" decoding=\"async\" loading=\"lazy\" \/><\/a>\n\t\t\t<\/dt><\/dl><dl class='gallery-item'>\n\t\t\t<dt class='gallery-icon landscape'>\n\t\t\t\t<a href='https:\/\/www.ifbaiano.edu.br\/unidades\/lapa\/files\/2016\/06\/IMG_6671-800x533.jpg'><img width=\"150\" height=\"100\" src=\"https:\/\/www.ifbaiano.edu.br\/unidades\/lapa\/files\/2016\/06\/IMG_6671-800x533.jpg\" class=\"attachment-thumbnail size-thumbnail\" alt=\"\" decoding=\"async\" loading=\"lazy\" \/><\/a>\n\t\t\t<\/dt><\/dl><br style=\"clear: both\" \/>\n\t\t<\/div>\n\n<p>Fonte: Coordena\u00e7\u00e3o do Coro<\/p>\n","protected":false},"excerpt":{"rendered":"<p>Coro Baiano Encanto do Campus Bom Jesus da Lapa participou do encerramento do Projeto Encantos da Bacia, que reuniu diversos artistas da regi\u00e3o do Velho Chico em mostras musicais que ocorreram durante tr\u00eas meses consecutivos. O grupo apresentou um repert\u00f3rio diversificado com m\u00fasicas de Alceu Valen\u00e7a, Dorival Caymmi e Edwin Hawkins (o famoso &#8220;Oh Happy [&hellip;]<\/p>\n","protected":false},"author":58,"featured_media":0,"comment_status":"open","ping_status":"open","sticky":false,"template":"","format":"standard","meta":[],"categories":[1],"tags":[],"_links":{"self":[{"href":"https:\/\/www.ifbaiano.edu.br\/unidades\/lapa\/wp-json\/wp\/v2\/posts\/6047"}],"collection":[{"href":"https:\/\/www.ifbaiano.edu.br\/unidades\/lapa\/wp-json\/wp\/v2\/posts"}],"about":[{"href":"https:\/\/www.ifbaiano.edu.br\/unidades\/lapa\/wp-json\/wp\/v2\/types\/post"}],"author":[{"embeddable":true,"href":"https:\/\/www.ifbaiano.edu.br\/unidades\/lapa\/wp-json\/wp\/v2\/users\/58"}],"replies":[{"embeddable":true,"href":"https:\/\/www.ifbaiano.edu.br\/unidades\/lapa\/wp-json\/wp\/v2\/comments?post=6047"}],"version-history":[{"count":5,"href":"https:\/\/www.ifbaiano.edu.br\/unidades\/lapa\/wp-json\/wp\/v2\/posts\/6047\/revisions"}],"predecessor-version":[{"id":6058,"href":"https:\/\/www.ifbaiano.edu.br\/unidades\/lapa\/wp-json\/wp\/v2\/posts\/6047\/revisions\/6058"}],"wp:attachment":[{"href":"https:\/\/www.ifbaiano.edu.br\/unidades\/lapa\/wp-json\/wp\/v2\/media?parent=6047"}],"wp:term":[{"taxonomy":"category","embeddable":true,"href":"https:\/\/www.ifbaiano.edu.br\/unidades\/lapa\/wp-json\/wp\/v2\/categories?post=6047"},{"taxonomy":"post_tag","embeddable":true,"href":"https:\/\/www.ifbaiano.edu.br\/unidades\/lapa\/wp-json\/wp\/v2\/tags?post=6047"}],"curies":[{"name":"wp","href":"https:\/\/api.w.org\/{rel}","templated":true}]}}