{"id":605,"date":"2012-10-09T11:44:56","date_gmt":"2012-10-09T13:44:56","guid":{"rendered":"http:\/\/www.ifbaiano.edu.br\/unidades\/lapa\/?p=605"},"modified":"2012-10-09T11:44:56","modified_gmt":"2012-10-09T13:44:56","slug":"selecao-de-projetos-para-o-programa-ciencia-itinerante","status":"publish","type":"post","link":"https:\/\/www.ifbaiano.edu.br\/unidades\/lapa\/2012\/10\/09\/selecao-de-projetos-para-o-programa-ciencia-itinerante\/","title":{"rendered":"Sele\u00e7\u00e3o de projetos para o Programa Ci\u00eancia Itinerante"},"content":{"rendered":"<p>As propostas podem ser inscritas at\u00e9 o dia 09 de novembro de 2012.<\/p>\n<p><!--more--><\/p>\n<p>O reitor do Instituto Federal Baiano \u2013 IF Baiano convoca todos os <em>campi<\/em> do instituto a apresentarem propostas de ades\u00e3o ao Programa Ci\u00eancia Itinerante. Ser\u00e3o selecionados 02 (dois) novos N\u00facleos Locais para desenvolvimento do programa, baseado no Projeto Modelo em execu\u00e7\u00e3o no Campus Catu.<\/p>\n<p><strong>As propostas podem ser inscritas at\u00e9 o dia 9 de novembro de 2012<\/strong>, mediante a entrega, na sede da Pr\u00f3-Reitoria de Extens\u00e3o, de 2 vias impressas do projeto preenchidas conforme modelo do Anexo I da Chamada Interna, ou via Sedex at\u00e9 a data limite definida no item 5.1.<\/p>\n<p>Para maiores informa\u00e7\u00f5es, acesse:<\/p>\n<p><a href=\"http:\/\/www.ifbaiano.edu.br\/reitoria\/?p=14421\">http:\/\/www.ifbaiano.edu.br\/reitoria\/?p=14421<\/a><\/p>\n<p>Informativo Campus Lapa<\/p>\n","protected":false},"excerpt":{"rendered":"<p>As propostas podem ser inscritas at\u00e9 o dia 09 de novembro de 2012.<\/p>\n","protected":false},"author":23,"featured_media":0,"comment_status":"open","ping_status":"open","sticky":false,"template":"","format":"standard","meta":[],"categories":[40],"tags":[],"_links":{"self":[{"href":"https:\/\/www.ifbaiano.edu.br\/unidades\/lapa\/wp-json\/wp\/v2\/posts\/605"}],"collection":[{"href":"https:\/\/www.ifbaiano.edu.br\/unidades\/lapa\/wp-json\/wp\/v2\/posts"}],"about":[{"href":"https:\/\/www.ifbaiano.edu.br\/unidades\/lapa\/wp-json\/wp\/v2\/types\/post"}],"author":[{"embeddable":true,"href":"https:\/\/www.ifbaiano.edu.br\/unidades\/lapa\/wp-json\/wp\/v2\/users\/23"}],"replies":[{"embeddable":true,"href":"https:\/\/www.ifbaiano.edu.br\/unidades\/lapa\/wp-json\/wp\/v2\/comments?post=605"}],"version-history":[{"count":2,"href":"https:\/\/www.ifbaiano.edu.br\/unidades\/lapa\/wp-json\/wp\/v2\/posts\/605\/revisions"}],"predecessor-version":[{"id":607,"href":"https:\/\/www.ifbaiano.edu.br\/unidades\/lapa\/wp-json\/wp\/v2\/posts\/605\/revisions\/607"}],"wp:attachment":[{"href":"https:\/\/www.ifbaiano.edu.br\/unidades\/lapa\/wp-json\/wp\/v2\/media?parent=605"}],"wp:term":[{"taxonomy":"category","embeddable":true,"href":"https:\/\/www.ifbaiano.edu.br\/unidades\/lapa\/wp-json\/wp\/v2\/categories?post=605"},{"taxonomy":"post_tag","embeddable":true,"href":"https:\/\/www.ifbaiano.edu.br\/unidades\/lapa\/wp-json\/wp\/v2\/tags?post=605"}],"curies":[{"name":"wp","href":"https:\/\/api.w.org\/{rel}","templated":true}]}}